{"id":497,"date":"2014-01-05T17:48:11","date_gmt":"2014-01-05T17:48:11","guid":{"rendered":"http:\/\/startwejherowo.pl\/?p=497"},"modified":"2014-01-05T17:48:11","modified_gmt":"2014-01-05T17:48:11","slug":"iii-miejsce-k-jurkiewicza","status":"publish","type":"post","link":"http:\/\/startwejherowo.pl\/?p=497","title":{"rendered":"III miejsce K.Jurkiewicza"},"content":{"rendered":"<p>\u00a0Szachy<br \/>\nIII miejsce K.Jurkiewicza<br \/>\n\u00a0<br \/>\n72zawodnik\u00f3w uczestniczy\u0142o w XI Mi\u0119dzynarodowym Integracyjnym Turnieju Szachowym w Powiecie \u017bywieckim. Dobre III miejsce , w kategorii niepe\u0142nosprawnych, zaj\u0105\u0142 zawodnik Wejherowskiego ISS START  Jerzy Jurkiewicz. Zwyci\u0119\u017cy\u0142 Leszek Bakalarz z KS Fart Kielce.<\/p>\n","protected":false},"excerpt":{"rendered":"<p>\u00a0Szachy III miejsce K.Jurkiewicza \u00a0 72zawodnik\u00f3w uczestniczy\u0142o w XI Mi\u0119dzynarodowym Integracyjnym Turnieju Szachowym w Powiecie \u017bywieckim. Dobre III miejsce , w kategorii niepe\u0142nosprawnych, zaj\u0105\u0142 zawodnik Wejherowskiego ISS START Jerzy Jurkiewicz. Zwyci\u0119\u017cy\u0142 Leszek Bakalarz z KS Fart Kielce.<\/p>\n","protected":false},"author":2,"featured_media":0,"comment_status":"open","ping_status":"open","sticky":false,"template":"","format":"standard","meta":{"ngg_post_thumbnail":0},"categories":[1],"tags":[],"_links":{"self":[{"href":"http:\/\/startwejherowo.pl\/index.php?rest_route=\/wp\/v2\/posts\/497"}],"collection":[{"href":"http:\/\/startwejherowo.pl\/index.php?rest_route=\/wp\/v2\/posts"}],"about":[{"href":"http:\/\/startwejherowo.pl\/index.php?rest_route=\/wp\/v2\/types\/post"}],"author":[{"embeddable":true,"href":"http:\/\/startwejherowo.pl\/index.php?rest_route=\/wp\/v2\/users\/2"}],"replies":[{"embeddable":true,"href":"http:\/\/startwejherowo.pl\/index.php?rest_route=%2Fwp%2Fv2%2Fcomments&post=497"}],"version-history":[{"count":0,"href":"http:\/\/startwejherowo.pl\/index.php?rest_route=\/wp\/v2\/posts\/497\/revisions"}],"wp:attachment":[{"href":"http:\/\/startwejherowo.pl\/index.php?rest_route=%2Fwp%2Fv2%2Fmedia&parent=497"}],"wp:term":[{"taxonomy":"category","embeddable":true,"href":"http:\/\/startwejherowo.pl\/index.php?rest_route=%2Fwp%2Fv2%2Fcategories&post=497"},{"taxonomy":"post_tag","embeddable":true,"href":"http:\/\/startwejherowo.pl\/index.php?rest_route=%2Fwp%2Fv2%2Ftags&post=497"}],"curies":[{"name":"wp","href":"https:\/\/api.w.org\/{rel}","templated":true}]}}