{"id":599,"date":"2014-05-07T17:47:29","date_gmt":"2014-05-07T17:47:29","guid":{"rendered":"http:\/\/startwejherowo.pl\/?p=599"},"modified":"2014-05-07T17:47:29","modified_gmt":"2014-05-07T17:47:29","slug":"plan-imprez-sportowych","status":"publish","type":"post","link":"http:\/\/startwejherowo.pl\/?p=599","title":{"rendered":"Plan imprez sportowych"},"content":{"rendered":"<p align=\"CENTER\"><span style=\"font-size: large;\"><b>PLAN IMPREZ SPORTOWYCH ISS \u201e START\u201d WEJHEROWO<\/b><\/span><\/p>\n<p align=\"CENTER\"><span style=\"font-size: large;\"><b>na rok 2014<\/b><\/span><\/p>\n<table width=\"775\" cellspacing=\"0\" cellpadding=\"7\">\n<colgroup>\n<col width=\"439\" \/>\n<col width=\"109\" \/>\n<col width=\"109\" \/>\n<col width=\"61\" \/> <\/colgroup>\n<tbody>\n<tr valign=\"TOP\">\n<td width=\"439\">\n<p align=\"CENTER\"><span style=\"font-size: medium;\"><b>NAZWA IMPREZY<\/b><\/span><\/p>\n<\/td>\n<td width=\"109\">\n<p align=\"CENTER\"><span style=\"font-size: medium;\"><b>TERMIN <\/b><\/span><\/p>\n<\/td>\n<td width=\"109\">\n<p align=\"CENTER\"><span style=\"font-size: medium;\"><b>MIEJSCE <\/b><\/span><\/p>\n<\/td>\n<td width=\"61\">\n<p align=\"CENTER\"><span style=\"font-size: medium;\"><b>UWAGI<\/b><\/span><\/p>\n<\/td>\n<\/tr>\n<tr valign=\"TOP\">\n<td width=\"439\">\n<p align=\"JUSTIFY\"><span style=\"font-size: medium;\"><b>1 MI\u0118DZYNARODOWY TURNIEJ TENISA STO\u0141OWEGO <\/b><\/span><\/p>\n<\/td>\n<td width=\"109\">\n<p align=\"CENTER\"><span style=\"font-size: medium;\"><b>08.01 <\/b><\/span><\/p>\n<\/td>\n<td width=\"109\">\n<p align=\"CENTER\"><span style=\"font-size: medium;\"><b>BANSIN <\/b><\/span><\/p>\n<\/td>\n<td width=\"61\">\n<p align=\"CENTER\"><span style=\"font-size: medium;\"><b>NIEMCY<\/b><\/span><\/p>\n<\/td>\n<\/tr>\n<tr valign=\"TOP\">\n<td width=\"439\"><span style=\"font-size: medium;\"><b>2 III NOWOROCZNY TURNIEJ TENISA STO\u0141OWEGO EDF <\/b><\/span><\/td>\n<td width=\"109\">\n<p align=\"CENTER\"><span style=\"font-size: medium;\"><b>18.01 <\/b><\/span><\/p>\n<\/td>\n<td width=\"109\">\n<p align=\"CENTER\"><span style=\"font-size: medium;\"><b>WEJHEROWO<\/b><\/span><\/p>\n<\/td>\n<td width=\"61\">\n<p align=\"CENTER\">\n<\/td>\n<\/tr>\n<tr valign=\"TOP\">\n<td width=\"439\"><span style=\"font-size: medium;\"><b>3 XXIV MI\u0118DZYNARODOWY TURNIEJ SZACHOWY <\/b><\/span><\/td>\n<td width=\"109\">\n<p align=\"CENTER\"><span style=\"font-size: medium;\"><b>24.01-02.02 <\/b><\/span><\/p>\n<\/td>\n<td width=\"109\">\n<p align=\"CENTER\"><span style=\"font-size: medium;\"><b>G\u0141UCHO\u0141AZY<\/b><\/span><\/p>\n<\/td>\n<td width=\"61\">\n<p align=\"CENTER\">\n<\/td>\n<\/tr>\n<tr valign=\"TOP\">\n<td width=\"439\"><span style=\"font-size: medium;\"><b>4 OTWARTE MISTRZOSTWA MIASTA WEJHEROWA W BOCCIA <\/b><\/span><\/td>\n<td width=\"109\">\n<p align=\"CENTER\"><span style=\"font-size: medium;\"><b>IV-V <\/b><\/span><\/p>\n<\/td>\n<td width=\"109\">\n<p align=\"CENTER\"><span style=\"font-size: medium;\"><b>WEJHEROWO<\/b><\/span><\/p>\n<\/td>\n<td width=\"61\">\n<p align=\"CENTER\">\n<\/td>\n<\/tr>\n<tr valign=\"TOP\">\n<td width=\"439\"><span style=\"font-size: medium;\"><b>5 GRAND PRIX NIEPE\u0141NOSPRAWNYCH W TENISIE STO\u0141OWYM <\/b><\/span><\/td>\n<td width=\"109\">\n<p align=\"CENTER\"><span style=\"font-size: medium;\"><b>23-25.05 <\/b><\/span><\/p>\n<\/td>\n<td width=\"109\">\n<p align=\"CENTER\"><span style=\"font-size: medium;\"><b>RASZK\u00d3W<\/b><\/span><\/p>\n<\/td>\n<td width=\"61\"><span style=\"font-size: medium;\"><b>k.Kalisza<\/b><\/span><\/td>\n<\/tr>\n<tr valign=\"TOP\">\n<td width=\"439\"><span style=\"font-size: medium;\"><b>6 GRAND PRIX NIEPE\u0141NOSPRAWNYCH W TENISIE STO\u0141OWYM <\/b><\/span><\/td>\n<td width=\"109\">\n<p align=\"CENTER\"><span style=\"font-size: medium;\"><b>27-29.06 <\/b><\/span><\/p>\n<\/td>\n<td width=\"109\">\n<p align=\"CENTER\"><span style=\"font-size: medium;\"><b>GO\u0141UCH\u00d3W<\/b><\/span><\/p>\n<\/td>\n<td width=\"61\"><span style=\"font-size: medium;\"><b>k.Kalisza<\/b><\/span><\/td>\n<\/tr>\n<tr valign=\"TOP\">\n<td width=\"439\"><span style=\"font-size: medium;\"><b>7 GRAND PRIX NIEPE\u0141NOSPRAWNYCH W TENISIE STO\u0141OWYM <\/b><\/span><\/td>\n<td width=\"109\">\n<p align=\"CENTER\"><span style=\"font-size: medium;\"><b>27-29.06 <\/b><\/span><\/p>\n<\/td>\n<td width=\"109\">\n<p align=\"CENTER\"><span style=\"font-size: medium;\"><b>WIS\u0141A<\/b><\/span><\/p>\n<\/td>\n<td width=\"61\">\n<p align=\"CENTER\">\n<\/td>\n<\/tr>\n<tr valign=\"TOP\">\n<td width=\"439\"><span style=\"font-size: medium;\"><b>8 OG\u00d3LNOPOLSKIE ZAWODY NIEPE\u0141NOSPRAWNYCH W BOCCIA <\/b><\/span><\/td>\n<td width=\"109\">\n<p align=\"CENTER\"><span style=\"font-size: medium;\"><b>15 . 05<\/b><\/span><\/p>\n<\/td>\n<td width=\"109\">\n<p align=\"CENTER\"><span style=\"font-size: medium;\"><b>GDYNIA<\/b><\/span><\/p>\n<\/td>\n<td width=\"61\">\n<p align=\"CENTER\">\n<\/td>\n<\/tr>\n<tr valign=\"TOP\">\n<td width=\"439\" height=\"19\"><span style=\"font-size: medium;\"><b>9 ZAWODY SPORTOWE OS\u00d3B NIEPE\u0141NOSPRAWNYCH W TENISIE STO\u0141OWYM, BOCCIA I SZACHACH O PUCHAR MARSZA\u0141KA WOJ.POMORSKIEGO I DYR.PCPR W WEJHEROWIE ,,WIOSNA2014\u2019\u2019.<\/b><\/span><\/td>\n<td width=\"109\">\n<p align=\"CENTER\"><span style=\"font-size: medium;\"><b>27-29.06 <\/b><\/span><\/p>\n<\/td>\n<td width=\"109\">\n<p align=\"CENTER\"><span style=\"font-size: medium;\"><b>JASTRZ\u0118BIA G\u00d3RA<\/b><\/span><\/p>\n<\/td>\n<td width=\"61\">\n<p align=\"CENTER\">\n<\/td>\n<\/tr>\n<tr valign=\"TOP\">\n<td width=\"439\"><span style=\"font-size: medium;\"><b>11 OG\u00d3LNOPOLSKIE ZAWODY OS\u00d3B NIEPE\u0141NOSPRAWNYCH W TENISIE STO\u0141OWYM<\/b><\/span><\/td>\n<td width=\"109\">\n<p align=\"CENTER\"><span style=\"font-size: medium;\"><b>WRZESIE\u0143<\/b><\/span><\/p>\n<\/td>\n<td width=\"109\">\n<p align=\"CENTER\"><span style=\"font-size: medium;\"><b>SUL\u0118CZYNO<\/b><\/span><\/p>\n<\/td>\n<td width=\"61\">\n<p align=\"CENTER\">\n<\/td>\n<\/tr>\n<tr valign=\"TOP\">\n<td width=\"439\" height=\"3\"><span style=\"font-size: medium;\"><b>1 2 MISTRZOSTWA POLSKI NIEPE\u0141NOSPRAWNYCH W SZACHACH SZYBKICH I B\u0141YSKAWICZNYCH <\/b><\/span><\/td>\n<td width=\"109\">\n<p align=\"CENTER\"><span style=\"font-size: medium;\"><b>19-21.09 <\/b><\/span><\/p>\n<\/td>\n<td width=\"109\">\n<p align=\"CENTER\"><span style=\"font-size: medium;\"><b>GORZ\u00d3W WIELKOPOLSKI<\/b><\/span><\/p>\n<\/td>\n<td width=\"61\">\n<p align=\"CENTER\">\n<\/td>\n<\/tr>\n<tr valign=\"TOP\">\n<td width=\"439\"><span style=\"font-size: medium;\"><b>13 ZAWODY SPORTOWE OS\u00d3B NIEPE\u0141NOSPRAWNYCH W TENISIE STO\u0141OWYM, BOCCIA I SZACHACH O PUCHAR MARSZA\u0141KA WOJ.POMORSKIEGO I DYR. PCPR W WEJHEROWIE ,,JESIE\u01432014\u2019\u2019<\/b><\/span><\/p>\n<p align=\"CENTER\">\n<\/td>\n<td width=\"109\">\n<p align=\"CENTER\"><span style=\"font-size: medium;\"><b>12-14.09<\/b><\/span><\/p>\n<\/td>\n<td width=\"109\">\n<p align=\"CENTER\"><span style=\"font-size: medium;\"><b>JASTRZ\u0118BIA G\u00d3RA<\/b><\/span><\/p>\n<\/td>\n<td width=\"61\">\n<p align=\"CENTER\">\n<\/td>\n<\/tr>\n<tr valign=\"TOP\">\n<td width=\"439\"><span style=\"font-size: medium;\"><b>14 OG\u00d3LNOPOLSKIE ZAWODY OS\u00d3B NIEPE\u0141NOSPRAWNYCH W BOCCIA <\/b><\/span><\/td>\n<td width=\"109\">\n<p align=\"CENTER\"><span style=\"font-size: medium;\"><b>WRZESIE\u0143<\/b><\/span><\/p>\n<\/td>\n<td width=\"109\">\n<p align=\"CENTER\"><span style=\"font-size: medium;\"><b>SUL\u0118CZYNO<\/b><\/span><\/p>\n<\/td>\n<td width=\"61\">\n<p align=\"CENTER\">\n<\/td>\n<\/tr>\n<tr valign=\"TOP\">\n<td width=\"439\"><span style=\"font-size: medium;\"><b>1 5 INTEGRACYJNY TURNIEJ SZACHOWY <\/b><\/span><\/td>\n<td width=\"109\">\n<p align=\"CENTER\"><span style=\"font-size: medium;\"><b>WRZESIE\u0143<\/b><\/span><\/p>\n<\/td>\n<td width=\"109\">\n<p align=\"CENTER\"><span style=\"font-size: medium;\"><b>KOLSK<\/b><\/span><\/p>\n<\/td>\n<td width=\"61\">\n<p align=\"CENTER\">\n<\/td>\n<\/tr>\n<tr valign=\"TOP\">\n<td width=\"439\"><span style=\"font-size: medium;\"><b>1 6 MISTRZOSTWA POLSKI W TENISIE STO\u0141OWYM<\/b><\/span><\/td>\n<td width=\"109\">\n<p align=\"CENTER\"><span style=\"font-size: medium;\"><b>PA\u0179DZIERNIK<\/b><\/span><\/p>\n<\/td>\n<td width=\"109\">\n<p align=\"CENTER\">\n<\/td>\n<td width=\"61\"><span style=\"font-size: medium;\">fina\u0142y<\/span><\/td>\n<\/tr>\n<tr valign=\"TOP\">\n<td width=\"439\" height=\"8\"><span style=\"font-size: medium;\"><b>1 7 OG\u00d3LNOPOLSKIE ZAWODY NIEPE\u0141NOSPRAWNYCH W BOCCIA<\/b><\/span><\/td>\n<td width=\"109\">\n<p align=\"CENTER\"><span style=\"font-size: medium;\"><b>LISTOPAD<\/b><\/span><\/p>\n<\/td>\n<td width=\"109\">\n<p align=\"CENTER\"><span style=\"font-size: medium;\"><b>MAUSZ<\/b><\/span><\/p>\n<\/td>\n<td width=\"61\">\n<p align=\"CENTER\">\n<\/td>\n<\/tr>\n<tr valign=\"TOP\">\n<td width=\"439\"><span style=\"font-size: medium;\"><b>18 OTWARTE MISTRZOSTWA POWIATU WEJHEROWSKIEGO W TENISIE STO\u0141OWYM<\/b><\/span><\/td>\n<td width=\"109\">\n<p align=\"CENTER\"><span style=\"font-size: medium;\"><b>LISTOPAD<\/b><\/span><\/p>\n<\/td>\n<td width=\"109\">\n<p align=\"CENTER\"><span style=\"font-size: medium;\"><b>WEJHEROWO<\/b><\/span><\/p>\n<\/td>\n<td width=\"61\">\n<p align=\"CENTER\">\n<\/td>\n<\/tr>\n<tr valign=\"TOP\">\n<td width=\"439\"><span style=\"font-size: medium;\"><b>19 MI\u0118DZYNARODOWY TURNIEJ SZACHOWY <\/b><\/span><\/td>\n<td width=\"109\">\n<p align=\"CENTER\"><span style=\"font-size: medium;\"><b>LISTOPAD<\/b><\/span><\/p>\n<\/td>\n<td width=\"109\">\n<p align=\"CENTER\"><span style=\"font-size: medium;\"><b>MIL\u00d3WKA<\/b><\/span><\/p>\n<\/td>\n<td width=\"61\">\n<p align=\"CENTER\">\n<\/td>\n<\/tr>\n<tr valign=\"TOP\">\n<td width=\"439\"><span style=\"font-size: medium;\"><b>2 0 OG\u00d3LNOPOLSKIE ZAWODY W TENISIE STO\u0141OWYM , BOCCIA I STRZELANIU (DZIE\u0143 NIEPE\u0141NOSPRAWNYCH)<\/b><\/span><\/td>\n<td width=\"109\">\n<p align=\"CENTER\"><span style=\"font-size: medium;\"><b>GRUDZIE\u0143<\/b><\/span><\/p>\n<\/td>\n<td width=\"109\">\n<p align=\"CENTER\"><span style=\"font-size: medium;\"><b>GRUDZI\u0104DZ<\/b><\/span><\/p>\n<\/td>\n<td width=\"61\">\n<p align=\"CENTER\">\n<\/td>\n<\/tr>\n<tr valign=\"TOP\">\n<td width=\"439\"><span style=\"font-size: medium;\"><b>21 INDYWIDUALNE MISTRZOSTWA KLUBU W TENISIE STO\u0141OWYM, BOCCIA I SZACHACH<\/b><\/span><\/td>\n<td width=\"109\">\n<p align=\"CENTER\"><span style=\"font-size: medium;\"><b>LISTOPAD-GRUDZIE\u0143<\/b><\/span><\/p>\n<\/td>\n<td width=\"109\">\n<p align=\"CENTER\"><span style=\"font-size: medium;\"><b>WEJHEROWO<\/b><\/span><\/p>\n<\/td>\n<td width=\"61\">\n<p align=\"CENTER\">\n<\/td>\n<\/tr>\n<\/tbody>\n<\/table>\n","protected":false},"excerpt":{"rendered":"<p>PLAN IMPREZ SPORTOWYCH ISS \u201e START\u201d WEJHEROWO na rok 2014 NAZWA IMPREZY TERMIN MIEJSCE UWAGI 1 MI\u0118DZYNARODOWY TURNIEJ TENISA STO\u0141OWEGO 08.01 BANSIN NIEMCY 2 III NOWOROCZNY TURNIEJ TENISA STO\u0141OWEGO EDF 18.01 WEJHEROWO 3 XXIV MI\u0118DZYNARODOWY TURNIEJ SZACHOWY 24.01-02.02 G\u0141UCHO\u0141AZY 4 OTWARTE MISTRZOSTWA MIASTA WEJHEROWA W BOCCIA IV-V WEJHEROWO 5 GRAND PRIX NIEPE\u0141NOSPRAWNYCH W TENISIE STO\u0141OWYM [&hellip;]<\/p>\n","protected":false},"author":2,"featured_media":0,"comment_status":"open","ping_status":"open","sticky":false,"template":"","format":"standard","meta":{"ngg_post_thumbnail":0},"categories":[1],"tags":[],"_links":{"self":[{"href":"http:\/\/startwejherowo.pl\/index.php?rest_route=\/wp\/v2\/posts\/599"}],"collection":[{"href":"http:\/\/startwejherowo.pl\/index.php?rest_route=\/wp\/v2\/posts"}],"about":[{"href":"http:\/\/startwejherowo.pl\/index.php?rest_route=\/wp\/v2\/types\/post"}],"author":[{"embeddable":true,"href":"http:\/\/startwejherowo.pl\/index.php?rest_route=\/wp\/v2\/users\/2"}],"replies":[{"embeddable":true,"href":"http:\/\/startwejherowo.pl\/index.php?rest_route=%2Fwp%2Fv2%2Fcomments&post=599"}],"version-history":[{"count":1,"href":"http:\/\/startwejherowo.pl\/index.php?rest_route=\/wp\/v2\/posts\/599\/revisions"}],"predecessor-version":[{"id":600,"href":"http:\/\/startwejherowo.pl\/index.php?rest_route=\/wp\/v2\/posts\/599\/revisions\/600"}],"wp:attachment":[{"href":"http:\/\/startwejherowo.pl\/index.php?rest_route=%2Fwp%2Fv2%2Fmedia&parent=599"}],"wp:term":[{"taxonomy":"category","embeddable":true,"href":"http:\/\/startwejherowo.pl\/index.php?rest_route=%2Fwp%2Fv2%2Fcategories&post=599"},{"taxonomy":"post_tag","embeddable":true,"href":"http:\/\/startwejherowo.pl\/index.php?rest_route=%2Fwp%2Fv2%2Ftags&post=599"}],"curies":[{"name":"wp","href":"https:\/\/api.w.org\/{rel}","templated":true}]}}