{"id":609,"date":"2014-06-05T20:10:58","date_gmt":"2014-06-05T20:10:58","guid":{"rendered":"http:\/\/startwejherowo.pl\/?p=609"},"modified":"2014-06-05T20:10:58","modified_gmt":"2014-06-05T20:10:58","slug":"boccia-swietny-wystep-w-gdyni","status":"publish","type":"post","link":"http:\/\/startwejherowo.pl\/?p=609","title":{"rendered":"Boccia &#8211; \u015bwietny wyst\u0119p w Gdyni"},"content":{"rendered":"<p>Sport niepe\u0142nosprawnych<br \/>\nZwyci\u0119stwo wejherowskiego Startu<br \/>\n W sali sportowej przy ul. Olimpijskiej zako\u0144czy\u0142y si\u0119 I Og\u00f3lnopolskie Integracyjne Zawody Bocci GDYNIA 2014. W zawodach startowa\u0142o ok. 70 zawodniczek i zawodnik\u00f3w z Warszawy, Poznania, Gda\u0144ska, Gdyni, Lublina, Zamo\u015bcia, Dusznik, S\u0142upska , Zielonej G\u00f3ry. Turniej odby\u0142 si\u0119 w trzech kategoriach : indywidualnie ( 2 grupy BC2 i BC3 &#8211; w zale\u017cno\u015bci od typu schorzenia) oraz dru\u017cynowo.<\/p>\n<p>\u015awietnie w tej imprezie zaprezentowa\u0142a si\u0119 ekipa Integracyjnego Stowarzyszenia Sportowego START Wejherowo, kt\u00f3ra w turnieju dru\u017cynowym zaj\u0119\u0142a 5 najlepszych miejsc. W meczu o I miejsce Start 2 pokona\u0142 9:3 Start 1, a w spotkaniu o III miejsce Centrum pokona\u0142o 7:4 Kaszuby.<\/p>\n<p>Rezultaty :<br \/>\n1. Dru\u017cynowo<br \/>\nPierwsze pi\u0119\u0107 miejsc zdoby\u0142y dru\u017cyny Integracyjnego Stowarzyszenia Sportowego \u201eSTART\u201d \u2013 Wejherowo:<br \/>\nI miejsce &#8211; START 2 ISS \u201eStart\u201d Wejherowo<br \/>\nw sk\u0142adzie: Lenda Leszek<br \/>\nGajewski Jerzy<br \/>\nPuchowski Andrzej<\/p>\n<p>II miejsce \u2013 START 1 ISS \u201eStart\u201d Wejherowo<br \/>\nw sk\u0142adzie: Lenda Genowefa<br \/>\nSzpunar Helena<br \/>\nAndrzejewska Gabriela<\/p>\n<p>III miejsce \u2013 CENTRUM ISS \u201eStart\u201d Wejherowo<br \/>\nw sk\u0142adzie: Z\u0119bko Jan<br \/>\nPtach Henryk<br \/>\nBu\u0142akowski Andrzej<\/p>\n<p>IV miejsce \u2013 KASZUBY ISS \u201eStart\u201d Wejherowo<br \/>\nw sk\u0142adzie: Hebel Adam<br \/>\nGieryk Stanis\u0142aw<br \/>\nSzczodrowski Zdzis\u0142aw<\/p>\n<p>V miejsce \u2013\u015aMIECHOWO ISS \u201eStart\u201d Wejherowo<br \/>\nw sk\u0142adzie: Maria Wolska-Gieryk<br \/>\nAnna Konik<br \/>\nRenata Westphal.<\/p>\n<p>Kolejne miejsca zaj\u0119li<br \/>\n&#8211; Warsztaty Terapii Zaj\u0119ciowej &#8211; Duszniki<br \/>\n&#8211; Stowarzyszenie &#8222;NIE SAM&#8221; Gda\u0144sk<br \/>\n&#8211; Szko\u0142a Podstawowa nr 10 w Gdyni<br \/>\n&#8211; O\u015brodek Szkolno &#8211; Wychowawczy w S\u0142upsku<br \/>\n&#8211; Integracyjny Klub Sportowy \u201eZIELONI\u201d &#8211; Zielona G\u00f3ra<br \/>\n&#8211; Stowarzyszenie Sportowo &#8211; Rehabilitacyjne &#8222;START&#8221; Pozna\u0144-<br \/>\n&#8211; Stowarzyszenie na Rzecz Dzieci i M\u0142odzie\u017cy z Pora\u017ceniem M\u00f3zgowym \u201e\u017burawinka\u201d Pozna\u0144.<\/p>\n<p>2. Indywidualnie :Grupa BC 2<br \/>\nI miejsce &#8211; Patryk Szuba &#8211; Klub Sportowy KONAR Warszawa<br \/>\nII miejsce &#8211; Konrad Lipowski &#8211; Klub Sportowy KONAR Warszawa<br \/>\nIII miejsce &#8211; Mateusz Urba\u0144ski &#8211; Klub Sportowy PAMARA BOCCIA Lublin<\/p>\n<p>3.Indywidualnie: Grupa BC3<br \/>\nI miejsce Bart\u0142omiej Nowosadowski &#8211; Aktywny Klub Sportowy Os\u00f3b Niepe\u0142nosprawnych &#8222;KROK ZA KROKIEM&#8221; w Zamo\u015bciu<br \/>\nII miejsce Micha\u0142 Kozyrski &#8211; Aktywny Klub Sportowy Os\u00f3b Niepe\u0142nosprawnych &#8222;KROK ZA KROKIEM&#8221; w Zamo\u015bciu<br \/>\nIII miejsce \u0141ukasz Bro\u017cek &#8211; Klub Sportowy KONAR Warszawa<\/p>\n<p>W zawodach wystartowa\u0142a reprezentacja narodowa, kt\u00f3ra przylecia\u0142a do Tr\u00f3jmiasta bezpo\u015brednio z zawod\u00f3w w Anglii. Ich zadaniem by\u0142 pokaz gry na poziomie wyczynowym w celu zach\u0119ty do uprawiania Bocci przez osoby , kt\u00f3re z powodu l\u017cejszych dysfunkcji nie mog\u0105 by\u0107 sklasyfikowane do poziomu paraolimpijskiej. Wszyscy zawodnicy musieli gra\u0107 w pozycji siedz\u0105cej (nawet ci, kt\u00f3rzy na co dzie\u0144 graj\u0105 stoj\u0105c). <\/p>\n<p>Zawody zorganizowane w Gdyni  przez Polsk\u0105 Federacj\u0119 Bocci Niepe\u0142nosprawnych we wsp\u00f3\u0142pracy z Miastem Gdynia i finansowane przez Pa\u0144stwowy Fundusz Rehabilitacji Os\u00f3b Niepe\u0142nosprawnych by\u0142y przede wszystkim promocj\u0105 dyscypliny sportowej, kt\u00f3ra w Polsce sta\u0142a si\u0119 najpowszechniejsz\u0105 po\u015br\u00f3d sport\u00f3w paraolimpijskich ale tak\u017ce sportu sprawdzaj\u0105cego si\u0119 jako gra integracyjna.<\/p>\n","protected":false},"excerpt":{"rendered":"<p>Sport niepe\u0142nosprawnych Zwyci\u0119stwo wejherowskiego Startu W sali sportowej przy ul. Olimpijskiej zako\u0144czy\u0142y si\u0119 I Og\u00f3lnopolskie Integracyjne Zawody Bocci GDYNIA 2014. W zawodach startowa\u0142o ok. 70 zawodniczek i zawodnik\u00f3w z Warszawy, Poznania, Gda\u0144ska, Gdyni, Lublina, Zamo\u015bcia, Dusznik, S\u0142upska , Zielonej G\u00f3ry. Turniej odby\u0142 si\u0119 w trzech kategoriach : indywidualnie ( 2 grupy BC2 i BC3 &#8211; [&hellip;]<\/p>\n","protected":false},"author":2,"featured_media":0,"comment_status":"open","ping_status":"open","sticky":false,"template":"","format":"standard","meta":{"ngg_post_thumbnail":0},"categories":[1],"tags":[],"_links":{"self":[{"href":"http:\/\/startwejherowo.pl\/index.php?rest_route=\/wp\/v2\/posts\/609"}],"collection":[{"href":"http:\/\/startwejherowo.pl\/index.php?rest_route=\/wp\/v2\/posts"}],"about":[{"href":"http:\/\/startwejherowo.pl\/index.php?rest_route=\/wp\/v2\/types\/post"}],"author":[{"embeddable":true,"href":"http:\/\/startwejherowo.pl\/index.php?rest_route=\/wp\/v2\/users\/2"}],"replies":[{"embeddable":true,"href":"http:\/\/startwejherowo.pl\/index.php?rest_route=%2Fwp%2Fv2%2Fcomments&post=609"}],"version-history":[{"count":1,"href":"http:\/\/startwejherowo.pl\/index.php?rest_route=\/wp\/v2\/posts\/609\/revisions"}],"predecessor-version":[{"id":610,"href":"http:\/\/startwejherowo.pl\/index.php?rest_route=\/wp\/v2\/posts\/609\/revisions\/610"}],"wp:attachment":[{"href":"http:\/\/startwejherowo.pl\/index.php?rest_route=%2Fwp%2Fv2%2Fmedia&parent=609"}],"wp:term":[{"taxonomy":"category","embeddable":true,"href":"http:\/\/startwejherowo.pl\/index.php?rest_route=%2Fwp%2Fv2%2Fcategories&post=609"},{"taxonomy":"post_tag","embeddable":true,"href":"http:\/\/startwejherowo.pl\/index.php?rest_route=%2Fwp%2Fv2%2Ftags&post=609"}],"curies":[{"name":"wp","href":"https:\/\/api.w.org\/{rel}","templated":true}]}}