{"id":617,"date":"2014-10-03T18:52:23","date_gmt":"2014-10-03T18:52:23","guid":{"rendered":"http:\/\/startwejherowo.pl\/?p=617"},"modified":"2014-10-03T18:56:07","modified_gmt":"2014-10-03T18:56:07","slug":"zawiadomienie-o-walnym-zebraniu-delegatow-czlonkow-stowarzyszenia","status":"publish","type":"post","link":"http:\/\/startwejherowo.pl\/?p=617","title":{"rendered":"Zawiadomienie o walnym zebraniu delegat\u00f3w cz\u0142onk\u00f3w stowarzyszenia"},"content":{"rendered":"<p style=\"text-align: center;\"><strong>ZAWIADOMIENIE<\/strong><\/p>\n<p>Niniejszym zawiadamia si\u0119, \u017ce na podstawie par. 19 Statutu, Zarz\u0105d ISS START Wejherowo, podj\u0119t\u0105 uchwa\u0142\u0105 nr.15\u2026..\\14 z dnia\u202602-10 \u2013 2014r.<br \/>\n<strong>Zwo\u0142uje<\/strong><br \/>\nNadzwyczajne Walne Zebranie Delegat\u00f3w Cz\u0142onk\u00f3w Stowarzyszenia w dniu 25.10.2014r (sobota) godz.10:30 (II termin godz. 10:45) w Szkole Podstawowej nr 5 : Wejherowo- \u015amiechowo ul. Gda\u0144ska 30.<br \/>\nPorz\u0105dek Zebrania:<\/p>\n<p style=\"padding-left: 30px;\">1) Otwarcie Zebrania<br \/>\n2) Wyb\u00f3r Prezydium (wyb\u00f3r Przewodnicz\u0105cego i Sekretarza)<br \/>\n3) Zatwierdzenie regulaminu obrad<br \/>\n4) Zatwierdzenie porz\u0105dku obrad<br \/>\n5) Wyb\u00f3r Komisji:<br \/>\n&#8211; Uchwa\u0142 i Wniosk\u00f3w<br \/>\n&#8211; Mandatowo-Skrutacyjnej<br \/>\n6) Zatwierdzenie nowego STATUTU Stowarzyszenia<br \/>\n7) Rozpatrzenie odwo\u0142ania Pana Zbigniewa Dariusza Jezierskiego od decyzji Zarz\u0105du dot. wykre\u015blenia z listy cz\u0142onk\u00f3w wspieraj\u0105cych podj\u0119tej uchwa\u0142\u0105 nr. 12\\14 z dnia 17.06.2014r.<br \/>\n8) Dyskusja<br \/>\n9) Podj\u0119cie Uchwa\u0142 Walnego Zebrania<br \/>\n10) Wolne wnioski<br \/>\n11) Zamkni\u0119cie obrad<\/p>\n<p>\/materia\u0142y do wgl\u0105du w biurze Stowarzyszenia, <a href=\"http:\/\/startwejherowo.pl\/wp-content\/uploads\/2014\/10\/Projekt_statutu.pdf\">Projekt_statutu<\/a>\u00a0na tablicy og\u0142osze\u0144 i <a href=\"http:\/\/startwejherowo.pl\">www.startwejherowo.pl<\/a><br \/>\nOtrzymuj\u0105:<br \/>\n1-Delegaci .<br \/>\n2- Starostwo Powiatowe w Wejherowie.<br \/>\n3. Zaproszeni go\u015bcie<\/p>\n","protected":false},"excerpt":{"rendered":"<p>ZAWIADOMIENIE Niniejszym zawiadamia si\u0119, \u017ce na podstawie par. 19 Statutu, Zarz\u0105d ISS START Wejherowo, podj\u0119t\u0105 uchwa\u0142\u0105 nr.15\u2026..\\14 z dnia\u202602-10 \u2013 2014r. Zwo\u0142uje Nadzwyczajne Walne Zebranie Delegat\u00f3w Cz\u0142onk\u00f3w Stowarzyszenia w dniu 25.10.2014r (sobota) godz.10:30 (II termin godz. 10:45) w Szkole Podstawowej nr 5 : Wejherowo- \u015amiechowo ul. Gda\u0144ska 30. Porz\u0105dek Zebrania: 1) Otwarcie Zebrania 2) Wyb\u00f3r [&hellip;]<\/p>\n","protected":false},"author":2,"featured_media":0,"comment_status":"open","ping_status":"open","sticky":false,"template":"","format":"standard","meta":{"ngg_post_thumbnail":0},"categories":[1],"tags":[],"_links":{"self":[{"href":"http:\/\/startwejherowo.pl\/index.php?rest_route=\/wp\/v2\/posts\/617"}],"collection":[{"href":"http:\/\/startwejherowo.pl\/index.php?rest_route=\/wp\/v2\/posts"}],"about":[{"href":"http:\/\/startwejherowo.pl\/index.php?rest_route=\/wp\/v2\/types\/post"}],"author":[{"embeddable":true,"href":"http:\/\/startwejherowo.pl\/index.php?rest_route=\/wp\/v2\/users\/2"}],"replies":[{"embeddable":true,"href":"http:\/\/startwejherowo.pl\/index.php?rest_route=%2Fwp%2Fv2%2Fcomments&post=617"}],"version-history":[{"count":3,"href":"http:\/\/startwejherowo.pl\/index.php?rest_route=\/wp\/v2\/posts\/617\/revisions"}],"predecessor-version":[{"id":621,"href":"http:\/\/startwejherowo.pl\/index.php?rest_route=\/wp\/v2\/posts\/617\/revisions\/621"}],"wp:attachment":[{"href":"http:\/\/startwejherowo.pl\/index.php?rest_route=%2Fwp%2Fv2%2Fmedia&parent=617"}],"wp:term":[{"taxonomy":"category","embeddable":true,"href":"http:\/\/startwejherowo.pl\/index.php?rest_route=%2Fwp%2Fv2%2Fcategories&post=617"},{"taxonomy":"post_tag","embeddable":true,"href":"http:\/\/startwejherowo.pl\/index.php?rest_route=%2Fwp%2Fv2%2Ftags&post=617"}],"curies":[{"name":"wp","href":"https:\/\/api.w.org\/{rel}","templated":true}]}}