{"id":640,"date":"2015-01-05T19:07:24","date_gmt":"2015-01-05T19:07:24","guid":{"rendered":"http:\/\/startwejherowo.pl\/?p=640"},"modified":"2015-01-05T19:07:24","modified_gmt":"2015-01-05T19:07:24","slug":"boccia-puchar-marszalka-woj-slaskiego-dla-wejherowa","status":"publish","type":"post","link":"http:\/\/startwejherowo.pl\/?p=640","title":{"rendered":"BOCCIA :Puchar Marsza\u0142ka Woj. \u015al\u0105skiego dla Wejherowa"},"content":{"rendered":"<p>Puchar Marsza\u0142ka Woj. \u015al\u0105skiego dla Wejherowa<\/p>\n<p>W Konopiskach k\/Cz\u0119stochowy odby\u0142 si\u0119 Mi\u0119dzynarodowy Integracyjny Turniej Boccia &#8222;Prometeus &#8211; Cup 2014&#8243;o puchar Marsza\u0142ka Wojew\u00f3dztwa \u015al\u0105skiego. Startowa\u0142o 106 zawodnik\u00f3w i zawodniczek z Chorwacji, S\u0142owacji , Ukrainy i Polski ( Warszawa, Katowice, Bydgoszcz,  Zielona G\u00f3ra, Gi\u017cycko, R\u0119dziny, Cz\u0119stochowa, Libi\u0105\u017c, Jaworzno, Pincz\u00f3w, Wejherowo, Konopiska).<br \/>\n\u015awietnie w tych dwudniowych zawodach zaprezentowali si\u0119 reprezentanci  Wejherowa, kt\u00f3rzy zwyci\u0119\u017cyli  w klasyfikacji dru\u017cynowej zdobywaj\u0105c g\u0142\u00f3wne trofeum zawod\u00f3w : puchar ufundowany przez Miros\u0142awa Seku\u0142\u0119-Marsza\u0142ka Wojew\u00f3dztwa \u015al\u0105skiego.<br \/>\nWejherowianie sk\u0142adzie: Genowefa Lenda (graj\u0105cy kapitan i trener), Leszek Lenda, Rados\u0142aw Szatkowski i Andrzej Puchowski,  jako jedyna dru\u017cyna , zwyci\u0119\u017cy\u0142a we wszystkich swoich meczach w turnieju.<br \/>\nZawody odby\u0142y si\u0119 w trzech etapach. Najpierw, w fazie eliminacyjnej, 23 dru\u017cyny zosta\u0142y podzielone na 4 grupy. W p\u00f3\u0142fina\u0142ach startowa\u0142a 12 najlepszych ekip podzielonych na trzy grupy. Do fina\u0142u zakwalifikowa\u0142y si\u0119 wy\u0142\u0105cznie zwyci\u0119zcy grup p\u00f3\u0142fina\u0142owych. W \u015bcis\u0142ym finale Wejherowo  najpierw pokona\u0142o 7:3 Integracyjny Klub Sportowy ZIELONI Zielona G\u00f3ra, w w kolejnym meczu zwyci\u0119\u017cy\u0142o 6:4  s\u0142owacki FARFALLETTA \u017bylina. W spotkaniu o II miejsce zielonog\u00f3rzanie pokonali 7:5 zesp\u00f3\u0142 z \u017byliny.<br \/>\nZawody odby\u0142y si\u0119 pod patronatem Jerzego Buzka.<br \/>\nWejherowska dru\u017cyna sk\u0142ada\u0142a si\u0119 z zawodnik\u00f3w reprezentuj\u0105cych sekcj\u0119 boccia ISS START Wejherowo.<\/p>\n","protected":false},"excerpt":{"rendered":"<p>Puchar Marsza\u0142ka Woj. \u015al\u0105skiego dla Wejherowa W Konopiskach k\/Cz\u0119stochowy odby\u0142 si\u0119 Mi\u0119dzynarodowy Integracyjny Turniej Boccia &#8222;Prometeus &#8211; Cup 2014&#8243;o puchar Marsza\u0142ka Wojew\u00f3dztwa \u015al\u0105skiego. Startowa\u0142o 106 zawodnik\u00f3w i zawodniczek z Chorwacji, S\u0142owacji , Ukrainy i Polski ( Warszawa, Katowice, Bydgoszcz, Zielona G\u00f3ra, Gi\u017cycko, R\u0119dziny, Cz\u0119stochowa, Libi\u0105\u017c, Jaworzno, Pincz\u00f3w, Wejherowo, Konopiska). \u015awietnie w tych dwudniowych zawodach zaprezentowali [&hellip;]<\/p>\n","protected":false},"author":2,"featured_media":0,"comment_status":"open","ping_status":"open","sticky":false,"template":"","format":"standard","meta":{"ngg_post_thumbnail":0},"categories":[1],"tags":[],"_links":{"self":[{"href":"http:\/\/startwejherowo.pl\/index.php?rest_route=\/wp\/v2\/posts\/640"}],"collection":[{"href":"http:\/\/startwejherowo.pl\/index.php?rest_route=\/wp\/v2\/posts"}],"about":[{"href":"http:\/\/startwejherowo.pl\/index.php?rest_route=\/wp\/v2\/types\/post"}],"author":[{"embeddable":true,"href":"http:\/\/startwejherowo.pl\/index.php?rest_route=\/wp\/v2\/users\/2"}],"replies":[{"embeddable":true,"href":"http:\/\/startwejherowo.pl\/index.php?rest_route=%2Fwp%2Fv2%2Fcomments&post=640"}],"version-history":[{"count":1,"href":"http:\/\/startwejherowo.pl\/index.php?rest_route=\/wp\/v2\/posts\/640\/revisions"}],"predecessor-version":[{"id":641,"href":"http:\/\/startwejherowo.pl\/index.php?rest_route=\/wp\/v2\/posts\/640\/revisions\/641"}],"wp:attachment":[{"href":"http:\/\/startwejherowo.pl\/index.php?rest_route=%2Fwp%2Fv2%2Fmedia&parent=640"}],"wp:term":[{"taxonomy":"category","embeddable":true,"href":"http:\/\/startwejherowo.pl\/index.php?rest_route=%2Fwp%2Fv2%2Fcategories&post=640"},{"taxonomy":"post_tag","embeddable":true,"href":"http:\/\/startwejherowo.pl\/index.php?rest_route=%2Fwp%2Fv2%2Ftags&post=640"}],"curies":[{"name":"wp","href":"https:\/\/api.w.org\/{rel}","templated":true}]}}