{"id":652,"date":"2015-01-05T19:24:52","date_gmt":"2015-01-05T19:24:52","guid":{"rendered":"http:\/\/startwejherowo.pl\/?p=652"},"modified":"2015-01-05T19:24:52","modified_gmt":"2015-01-05T19:24:52","slug":"boccia-zwyciestwa-wejherowian-w-grudziadzu","status":"publish","type":"post","link":"http:\/\/startwejherowo.pl\/?p=652","title":{"rendered":"BOCCIA : Zwyci\u0119stwa wejherowian w Grudzi\u0105dzu"},"content":{"rendered":"<p>\nSport niepe\u0142nosprawnych.<br \/>\nZwyci\u0119stwa wejherowian w Grudzi\u0105dzu<br \/>\nW Grudzi\u0105dzu , z okazji \u201e\u015awiatowego Dnia Po\u015bwi\u0119conego Osobom Niepe\u0142nosprawnym\u201d, odby\u0142y si\u0119 XXII Og\u00f3lnopolskie Zawody Sportowe Os\u00f3b Niepe\u0142nosprawnych. Startowa\u0142o ok.80 zawodniczek i zawodnik\u00f3w z  Bydgoszczy, Gda\u0144ska, Gi\u017cycka, Koszalina, Gdyni, Grudzi\u0105dza, Wejherowa i innych miejscowo\u015bci naszego kraju. Zawody rozgrywano w 4 konkurencjach: podnoszenie ci\u0119\u017car\u00f3w, strzelectwie, tenis sto\u0142owy i boccia ( w dw\u00f3ch ostatnich startowali reprezentanci Wejherowa).<br \/>\nWielkim sukcesem Wejherowian zako\u0144czy\u0142 si\u0119 turniej boccia ( startowa\u0142o 10 dru\u017cyn). Zawodnicy z naszego miasta zaj\u0119li 3 pierwsze miejsca.  W meczu fina\u0142owym pierwszy zesp\u00f3\u0142 Integracyjnego Stowarzyszenia Sportowego START Wejherowo ( Leszek Lenda oraz Andrzej Puchowski i Jerzy Gajewski) pokona\u0142 8:3 ( 2:0, 1:0, 0:3, 1:0, 2:0, 2:0) dru\u017cyn\u0119 Wejherowskiego Towarzystwa Krzewienia Kultury Fizycznej ( Andrzej Bu\u0142akowski, Tomasz Marciniak i J\u00f3zef Motowid\u0142o). W spotkaniu o III miejsce druga ekipa ISS START Wejherowo( Anna i Waldemar Konikowie oraz Helena Szpunar pokona\u0142a 9:1 Centrum Grudzi\u0105dz. Kolejne miejsca zaj\u0119li: Start Gda\u0144sk, Start Bydgoszcz, Start Koszalin, Integracja Grudzi\u0105dz, IKS Gi\u017cycko i Centrum II Grudzi\u0105dz. Graj\u0105cym trenerem wejherowskich zespo\u0142\u00f3w jest Leszek Lenda.<\/p>\n<p>Drugie miejsce w turnieju tenisa sto\u0142owego zaj\u0105\u0142 J\u00f3zef  Motowid\u0142o<\/p>\n<p>Organizatorami grudzi\u0105dzkich zawod\u00f3w byli: Centrum Rehabilitacji w Grudzi\u0105dzu, Polski Zwi\u0105zek Spotu Niepe\u0142nosprawnych START Warszawa, Ministerstwo Sportu i Turystyki, Urz\u0105d Marsza\u0142kowski Wojew\u00f3dztwa Kujawsko-Pomorskiego w Toruniu i Urz\u0105d Miejski w Grudzi\u0105dzu.<\/p>\n","protected":false},"excerpt":{"rendered":"<p>Sport niepe\u0142nosprawnych. Zwyci\u0119stwa wejherowian w Grudzi\u0105dzu W Grudzi\u0105dzu , z okazji \u201e\u015awiatowego Dnia Po\u015bwi\u0119conego Osobom Niepe\u0142nosprawnym\u201d, odby\u0142y si\u0119 XXII Og\u00f3lnopolskie Zawody Sportowe Os\u00f3b Niepe\u0142nosprawnych. Startowa\u0142o ok.80 zawodniczek i zawodnik\u00f3w z Bydgoszczy, Gda\u0144ska, Gi\u017cycka, Koszalina, Gdyni, Grudzi\u0105dza, Wejherowa i innych miejscowo\u015bci naszego kraju. Zawody rozgrywano w 4 konkurencjach: podnoszenie ci\u0119\u017car\u00f3w, strzelectwie, tenis sto\u0142owy i boccia ( [&hellip;]<\/p>\n","protected":false},"author":2,"featured_media":0,"comment_status":"open","ping_status":"open","sticky":false,"template":"","format":"standard","meta":{"ngg_post_thumbnail":0},"categories":[5],"tags":[],"_links":{"self":[{"href":"http:\/\/startwejherowo.pl\/index.php?rest_route=\/wp\/v2\/posts\/652"}],"collection":[{"href":"http:\/\/startwejherowo.pl\/index.php?rest_route=\/wp\/v2\/posts"}],"about":[{"href":"http:\/\/startwejherowo.pl\/index.php?rest_route=\/wp\/v2\/types\/post"}],"author":[{"embeddable":true,"href":"http:\/\/startwejherowo.pl\/index.php?rest_route=\/wp\/v2\/users\/2"}],"replies":[{"embeddable":true,"href":"http:\/\/startwejherowo.pl\/index.php?rest_route=%2Fwp%2Fv2%2Fcomments&post=652"}],"version-history":[{"count":1,"href":"http:\/\/startwejherowo.pl\/index.php?rest_route=\/wp\/v2\/posts\/652\/revisions"}],"predecessor-version":[{"id":653,"href":"http:\/\/startwejherowo.pl\/index.php?rest_route=\/wp\/v2\/posts\/652\/revisions\/653"}],"wp:attachment":[{"href":"http:\/\/startwejherowo.pl\/index.php?rest_route=%2Fwp%2Fv2%2Fmedia&parent=652"}],"wp:term":[{"taxonomy":"category","embeddable":true,"href":"http:\/\/startwejherowo.pl\/index.php?rest_route=%2Fwp%2Fv2%2Fcategories&post=652"},{"taxonomy":"post_tag","embeddable":true,"href":"http:\/\/startwejherowo.pl\/index.php?rest_route=%2Fwp%2Fv2%2Ftags&post=652"}],"curies":[{"name":"wp","href":"https:\/\/api.w.org\/{rel}","templated":true}]}}