{"id":733,"date":"2015-11-29T10:41:26","date_gmt":"2015-11-29T10:41:26","guid":{"rendered":"http:\/\/startwejherowo.pl\/?p=733"},"modified":"2015-11-29T10:54:51","modified_gmt":"2015-11-29T10:54:51","slug":"informacja-z-odbytej-imprezy-sportowej","status":"publish","type":"post","link":"http:\/\/startwejherowo.pl\/?p=733","title":{"rendered":"Informacja z odbytej imprezy sportowej"},"content":{"rendered":"<p><a href=\"http:\/\/startwejherowo.pl\/?page_id=28\"><img loading=\"lazy\" class=\"aligncenter size-thumbnail wp-image-737\" src=\"http:\/\/startwejherowo.pl\/wp-content\/uploads\/2015\/11\/11-150x150.jpg\" alt=\"11\" width=\"150\" height=\"150\" \/><\/a>W Zespole Szk\u00f3\u0142 nr 2 w Wejherowie \u2013 \u015amiechowie odby\u0142y si\u0119 w dniach 19 i 22 listopada br. \u201eOtwarte Mistrzostwa Powiatu Wejherowskiego w Tenisie Sto\u0142owym\u201d na 2015r. W imprezie wzi\u0119\u0142o udzia\u0142 81 zawodniczek i zawodnik\u00f3w z Gda\u0144ska, Gdyni, Rumii, Redy, Rybna, Choczewa, L\u0119borka i Wejherowa. Wszystkich uczestnik\u00f3w powita\u0142 Prezes ISS \u201eSTART\u201d Wejherowo Krzysztof Ruchalski a Mistrzostwa o Puchar Starosty otworzy\u0142 etatowy Cz\u0142onek Zarz\u0105du Powiatu Pan Jacek Thiel.<br \/>\nW poszczeg\u00f3lnych kategoriach zwyci\u0119\u017cyli:<br \/>\n<strong>A\/ Kat. Niepe\u0142nosprawnych<\/strong><br \/>\nI m. Patryk Greszta \u2013 Wejherowo<br \/>\nII m. Adam Andrzejewski \u2013 Rumia<br \/>\nIII m. Zbigniew Skwarczy\u0144ski \u2013 Wejherowo<\/p>\n<p><strong>B\/ Kat. Dziewcz\u0105t<\/strong><br \/>\nI m. Katarzyna P\u0142otka \u2013 Luzino<br \/>\nII m. Magdalena P\u0142otka \u2013 Luzino<br \/>\nIII m. Ja\u015bmina Socha \u2013 Gdynia<br \/>\n<strong>C\/ Kat. Ch\u0142opc\u00f3w<\/strong><br \/>\nI m. Damian Konkel \u2013 Rumia<br \/>\nII m. Patryk Czoska \u2013 Rybno<br \/>\nIII m. Jakub Wachowski \u2013 Rumia<br \/>\n<strong>D\/ Kat. Kobiet &#8211; open<\/strong><br \/>\nI m. Magdalena P\u0142otka \u2013 Luzino<br \/>\nII m. Katarzyna P\u0142otka \u2013 Luzino<br \/>\nIII m. Ja\u015bmina Socha \u2013 Gdynia<br \/>\n<strong>E\/ Kat. M\u0119\u017cczyzn \u2013 open<\/strong><br \/>\nI m. Rados\u0142aw Orz\u0119cki \u2013 Rumia<br \/>\nII m. Stanis\u0142aw Czoska \u2013 Rybno<br \/>\nIII m. Krzysztof Szwemin \u2013 Reda<br \/>\nNajlepsi zawodnicy otrzymali puchary, medale i dyplomy oraz okoliczno\u015bciowe gad\u017cety (kubki, breloczki) ufundowane przez Zarz\u0105d Powiatu Wejherowskiego. W przerwie zawod\u00f3w uczestnicy spo\u017cyli posi\u0142ek w postaci zupy \u201egroch\u00f3wki wojskowej\u201d przygotowanej przez Szko\u0142\u0119 za co serdecznie dzi\u0119kujemy. Mistrzostwa sprawnie prowadzili s\u0119dziowie: Andrzej Bia\u0142as, Maria Gieryk Wolska i Zbigniew Bautembach. Organizatorem tych zawod\u00f3w by\u0142o Integracyjne Stowarzyszenie Sportowe \u201eSTART\u201d Wejherowo.<\/p>\n","protected":false},"excerpt":{"rendered":"<p>W Zespole Szk\u00f3\u0142 nr 2 w Wejherowie \u2013 \u015amiechowie odby\u0142y si\u0119 w dniach 19 i 22 listopada br. \u201eOtwarte Mistrzostwa Powiatu Wejherowskiego w Tenisie Sto\u0142owym\u201d na 2015r. W imprezie wzi\u0119\u0142o udzia\u0142 81 zawodniczek i zawodnik\u00f3w z Gda\u0144ska, Gdyni, Rumii, Redy, Rybna, Choczewa, L\u0119borka i Wejherowa. Wszystkich uczestnik\u00f3w powita\u0142 Prezes ISS \u201eSTART\u201d Wejherowo Krzysztof Ruchalski a [&hellip;]<\/p>\n","protected":false},"author":2,"featured_media":0,"comment_status":"open","ping_status":"open","sticky":false,"template":"","format":"standard","meta":{"ngg_post_thumbnail":0},"categories":[1],"tags":[],"_links":{"self":[{"href":"http:\/\/startwejherowo.pl\/index.php?rest_route=\/wp\/v2\/posts\/733"}],"collection":[{"href":"http:\/\/startwejherowo.pl\/index.php?rest_route=\/wp\/v2\/posts"}],"about":[{"href":"http:\/\/startwejherowo.pl\/index.php?rest_route=\/wp\/v2\/types\/post"}],"author":[{"embeddable":true,"href":"http:\/\/startwejherowo.pl\/index.php?rest_route=\/wp\/v2\/users\/2"}],"replies":[{"embeddable":true,"href":"http:\/\/startwejherowo.pl\/index.php?rest_route=%2Fwp%2Fv2%2Fcomments&post=733"}],"version-history":[{"count":2,"href":"http:\/\/startwejherowo.pl\/index.php?rest_route=\/wp\/v2\/posts\/733\/revisions"}],"predecessor-version":[{"id":738,"href":"http:\/\/startwejherowo.pl\/index.php?rest_route=\/wp\/v2\/posts\/733\/revisions\/738"}],"wp:attachment":[{"href":"http:\/\/startwejherowo.pl\/index.php?rest_route=%2Fwp%2Fv2%2Fmedia&parent=733"}],"wp:term":[{"taxonomy":"category","embeddable":true,"href":"http:\/\/startwejherowo.pl\/index.php?rest_route=%2Fwp%2Fv2%2Fcategories&post=733"},{"taxonomy":"post_tag","embeddable":true,"href":"http:\/\/startwejherowo.pl\/index.php?rest_route=%2Fwp%2Fv2%2Ftags&post=733"}],"curies":[{"name":"wp","href":"https:\/\/api.w.org\/{rel}","templated":true}]}}