{"id":746,"date":"2015-12-13T16:05:38","date_gmt":"2015-12-13T16:05:38","guid":{"rendered":"http:\/\/startwejherowo.pl\/?p=746"},"modified":"2015-12-13T16:05:38","modified_gmt":"2015-12-13T16:05:38","slug":"xxiii-ogolnopolskie-zawody-sportowe-w-grudziadzu","status":"publish","type":"post","link":"http:\/\/startwejherowo.pl\/?p=746","title":{"rendered":"XXIII Og\u00f3lnopolskie zawody sportowe w Grudzi\u0105dzu"},"content":{"rendered":"<p><span style=\"font-size: large;\">W dniu 5 grudnia 2015roku w Grudzi\u0105dzu w ramach obchod\u00f3w ramach \u201e\u015awiatowego dnia po\u015bwi\u0119conego osobom niepe\u0142nosprawnym\u201d odby\u0142y si\u0119 <\/span><\/p>\n<p><span style=\"font-size: large;\"><b>XXIII Og\u00f3lnopolskie zawody sportowe<\/b><\/span><span style=\"font-size: large;\"> w nast\u0119puj\u0105cych dyscyplinach: <\/span><\/p>\n<p><span style=\"font-size: large;\">tenis sto\u0142owy, podnoszenie ci\u0119\u017car\u00f3w, strzelectwo sportowe i bocca. <\/span><\/p>\n<p><span style=\"font-size: large;\">W tenisie sto\u0142owym i bocci startowa\u0142a reprezentacja <\/span><span style=\"font-size: large;\"><b>Integracyjnego Stowarzyszenia Sportowego \u201eStart\u201d w Wejherowie.<\/b><\/span><\/p>\n<p><span style=\"font-size: large;\">Reprezentacja zaj\u0119\u0142a nast\u0119puj\u0105ce miejsca:<\/span><\/p>\n<p><span style=\"font-size: large;\">Tenis sto\u0142owy:<\/span><\/p>\n<p><span style=\"font-size: large;\">\u00a0 \u00a0 \u00a0 I miejsce \u2013 Andrzej Puchowski;<\/span><\/p>\n<p><span style=\"font-size: large;\">\u00a0 \u00a0 \u00a0 III miejsce \u2013 Andrzej Bu\u0142akowski.<\/span><\/p>\n<p><span style=\"font-size: large;\">Boccia:<\/span><\/p>\n<p><span style=\"font-size: large;\">\u00a0 \u00a0 \u00a0I miejsce zesp\u00f3\u0142 w sk\u0142adzie: Andrzej Puchowski, Stanis\u0142aw Gierek, Jan Z\u0119bko.<\/span><\/p>\n<p><span style=\"font-size: large;\">\u00a0 \u00a0 \u00a0II miejsce zesp\u00f3\u0142 w sk\u0142adzie: Waldemar Konik, Helena Szponar, Anna Konik.<\/span><\/p>\n","protected":false},"excerpt":{"rendered":"<p>W dniu 5 grudnia 2015roku w Grudzi\u0105dzu w ramach obchod\u00f3w ramach \u201e\u015awiatowego dnia po\u015bwi\u0119conego osobom niepe\u0142nosprawnym\u201d odby\u0142y si\u0119 XXIII Og\u00f3lnopolskie zawody sportowe w nast\u0119puj\u0105cych dyscyplinach: tenis sto\u0142owy, podnoszenie ci\u0119\u017car\u00f3w, strzelectwo sportowe i bocca. W tenisie sto\u0142owym i bocci startowa\u0142a reprezentacja Integracyjnego Stowarzyszenia Sportowego \u201eStart\u201d w Wejherowie. Reprezentacja zaj\u0119\u0142a nast\u0119puj\u0105ce miejsca: Tenis sto\u0142owy: \u00a0 \u00a0 \u00a0 [&hellip;]<\/p>\n","protected":false},"author":2,"featured_media":0,"comment_status":"open","ping_status":"open","sticky":false,"template":"","format":"standard","meta":{"ngg_post_thumbnail":0},"categories":[1],"tags":[],"_links":{"self":[{"href":"http:\/\/startwejherowo.pl\/index.php?rest_route=\/wp\/v2\/posts\/746"}],"collection":[{"href":"http:\/\/startwejherowo.pl\/index.php?rest_route=\/wp\/v2\/posts"}],"about":[{"href":"http:\/\/startwejherowo.pl\/index.php?rest_route=\/wp\/v2\/types\/post"}],"author":[{"embeddable":true,"href":"http:\/\/startwejherowo.pl\/index.php?rest_route=\/wp\/v2\/users\/2"}],"replies":[{"embeddable":true,"href":"http:\/\/startwejherowo.pl\/index.php?rest_route=%2Fwp%2Fv2%2Fcomments&post=746"}],"version-history":[{"count":1,"href":"http:\/\/startwejherowo.pl\/index.php?rest_route=\/wp\/v2\/posts\/746\/revisions"}],"predecessor-version":[{"id":747,"href":"http:\/\/startwejherowo.pl\/index.php?rest_route=\/wp\/v2\/posts\/746\/revisions\/747"}],"wp:attachment":[{"href":"http:\/\/startwejherowo.pl\/index.php?rest_route=%2Fwp%2Fv2%2Fmedia&parent=746"}],"wp:term":[{"taxonomy":"category","embeddable":true,"href":"http:\/\/startwejherowo.pl\/index.php?rest_route=%2Fwp%2Fv2%2Fcategories&post=746"},{"taxonomy":"post_tag","embeddable":true,"href":"http:\/\/startwejherowo.pl\/index.php?rest_route=%2Fwp%2Fv2%2Ftags&post=746"}],"curies":[{"name":"wp","href":"https:\/\/api.w.org\/{rel}","templated":true}]}}