{"id":837,"date":"2016-04-03T16:32:00","date_gmt":"2016-04-03T16:32:00","guid":{"rendered":"http:\/\/startwejherowo.pl\/?p=837"},"modified":"2016-04-03T16:32:00","modified_gmt":"2016-04-03T16:32:00","slug":"turniej-szachowy","status":"publish","type":"post","link":"http:\/\/startwejherowo.pl\/?p=837","title":{"rendered":"Turniej szachowy"},"content":{"rendered":"<p><strong>Komunikat z odbytej imprezy sportowej<\/strong><\/p>\n<p><a href=\"http:\/\/startwejherowo.pl\/wp-content\/gallery\/start\/index.html\" rel=\"attachment wp-att-838\"><img loading=\"lazy\" class=\"aligncenter size-medium wp-image-838\" src=\"http:\/\/startwejherowo.pl\/wp-content\/uploads\/2016\/04\/DSCN1971-300x225.jpg\" alt=\"DSCN1971\" width=\"300\" height=\"225\" srcset=\"http:\/\/startwejherowo.pl\/wp-content\/uploads\/2016\/04\/DSCN1971-300x225.jpg 300w, http:\/\/startwejherowo.pl\/wp-content\/uploads\/2016\/04\/DSCN1971-768x576.jpg 768w, http:\/\/startwejherowo.pl\/wp-content\/uploads\/2016\/04\/DSCN1971-1024x768.jpg 1024w, http:\/\/startwejherowo.pl\/wp-content\/uploads\/2016\/04\/DSCN1971.jpg 1200w\" sizes=\"(max-width: 300px) 100vw, 300px\" \/><\/a><\/p>\n<p>W Zespole Szk\u00f3\u0142 nr.2 w Wejherowie- \u015amiechowie odby\u0142 si\u0119 turniej szachowy z udzia\u0142em zawodnik\u00f3w Wojew\u00f3dzkiego Zrzeszenia Handlu i Us\u0142ug w Gda\u0144sku Biuro Rejonowe w Wejherowie oraz Integracyjnego Stowarzyszenia Sportowego \u201eSTART\u201d Wejherowo.<br \/>\nW klasyfikacji indywidualnej zwyci\u0119\u017cy\u0142 Krzysztof Jurkiewicz 4 pkt przed Zygmuntem Wielickim 3,5 pkt ( obaj ISS \u201eSTART\u201d) a III miejsce zaj\u0105\u0142 Miros\u0142aw Walkusz 2,5 pkt z Zrzeszenia Handlu i Us\u0142ug.<br \/>\nW punktacji dru\u017cynowej ISS \u201eSTART\u201d w sk\u0142adzie: Krzysztof Jurkiewicz, Zygmunt Wielicki, Tadeusz Panek i Jerzy Gajewski zwyci\u0119\u017cy\u0142 z Woj. Zrzeszeniem Handlu i Us\u0142ug w sk\u0142adnie: Miros\u0142aw Walkusz, Maja Walkusz, Andrzej Willa i Stanis\u0142aw Szczur w stosunku 10,5 pkt : 5,5 pkt.<br \/>\nZawodnicy, kt\u00f3rzy zaj\u0119li I \u2013 III m zdobyli puchary a wszyscy pozostali uczestnicy otrzymali pami\u0105tkowe pucharki i gad\u017cety ufundowane przez Zrzeszenie Handlu i Us\u0142ug. Nagrody te wr\u0119czyli Prezes tego Zrzeszenia \u2013 Biuro Rejonowe w Wejherowie Pan Ryszard Kliczykowski oraz Prezes ISS\u201dSTART\u201d Pan Krzysztof Ruchalski.<br \/>\nImprez\u0119, kt\u00f3ra przebiega\u0142a w mi\u0142ej i sympatycznej atmosferze zako\u0144czono wsp\u00f3lnym obiadem.<\/p>\n","protected":false},"excerpt":{"rendered":"<p>Komunikat z odbytej imprezy sportowej W Zespole Szk\u00f3\u0142 nr.2 w Wejherowie- \u015amiechowie odby\u0142 si\u0119 turniej szachowy z udzia\u0142em zawodnik\u00f3w Wojew\u00f3dzkiego Zrzeszenia Handlu i Us\u0142ug w Gda\u0144sku Biuro Rejonowe w Wejherowie oraz Integracyjnego Stowarzyszenia Sportowego \u201eSTART\u201d Wejherowo. W klasyfikacji indywidualnej zwyci\u0119\u017cy\u0142 Krzysztof Jurkiewicz 4 pkt przed Zygmuntem Wielickim 3,5 pkt ( obaj ISS \u201eSTART\u201d) a III [&hellip;]<\/p>\n","protected":false},"author":2,"featured_media":0,"comment_status":"open","ping_status":"open","sticky":false,"template":"","format":"standard","meta":{"ngg_post_thumbnail":0},"categories":[6],"tags":[],"_links":{"self":[{"href":"http:\/\/startwejherowo.pl\/index.php?rest_route=\/wp\/v2\/posts\/837"}],"collection":[{"href":"http:\/\/startwejherowo.pl\/index.php?rest_route=\/wp\/v2\/posts"}],"about":[{"href":"http:\/\/startwejherowo.pl\/index.php?rest_route=\/wp\/v2\/types\/post"}],"author":[{"embeddable":true,"href":"http:\/\/startwejherowo.pl\/index.php?rest_route=\/wp\/v2\/users\/2"}],"replies":[{"embeddable":true,"href":"http:\/\/startwejherowo.pl\/index.php?rest_route=%2Fwp%2Fv2%2Fcomments&post=837"}],"version-history":[{"count":1,"href":"http:\/\/startwejherowo.pl\/index.php?rest_route=\/wp\/v2\/posts\/837\/revisions"}],"predecessor-version":[{"id":839,"href":"http:\/\/startwejherowo.pl\/index.php?rest_route=\/wp\/v2\/posts\/837\/revisions\/839"}],"wp:attachment":[{"href":"http:\/\/startwejherowo.pl\/index.php?rest_route=%2Fwp%2Fv2%2Fmedia&parent=837"}],"wp:term":[{"taxonomy":"category","embeddable":true,"href":"http:\/\/startwejherowo.pl\/index.php?rest_route=%2Fwp%2Fv2%2Fcategories&post=837"},{"taxonomy":"post_tag","embeddable":true,"href":"http:\/\/startwejherowo.pl\/index.php?rest_route=%2Fwp%2Fv2%2Ftags&post=837"}],"curies":[{"name":"wp","href":"https:\/\/api.w.org\/{rel}","templated":true}]}}