{"id":859,"date":"2016-05-24T19:01:56","date_gmt":"2016-05-24T19:01:56","guid":{"rendered":"http:\/\/startwejherowo.pl\/?p=859"},"modified":"2016-05-24T19:04:39","modified_gmt":"2016-05-24T19:04:39","slug":"powiatowe-mistrzostwa-boccia","status":"publish","type":"post","link":"http:\/\/startwejherowo.pl\/?p=859","title":{"rendered":"Powiatowe Mistrzostwa Boccia"},"content":{"rendered":"<p style=\"text-align: left;\"><a href=\"http:\/\/startwejherowo.pl\/wp-content\/gallery\/start\/index.html\"><img loading=\"lazy\" class=\"aligncenter size-medium wp-image-861\" src=\"http:\/\/startwejherowo.pl\/wp-content\/uploads\/2016\/05\/3-300x200.jpg\" alt=\"Boccia\" width=\"300\" height=\"200\" srcset=\"http:\/\/startwejherowo.pl\/wp-content\/uploads\/2016\/05\/3-300x200.jpg 300w, http:\/\/startwejherowo.pl\/wp-content\/uploads\/2016\/05\/3-768x512.jpg 768w, http:\/\/startwejherowo.pl\/wp-content\/uploads\/2016\/05\/3-1024x683.jpg 1024w, http:\/\/startwejherowo.pl\/wp-content\/uploads\/2016\/05\/3.jpg 1980w\" sizes=\"(max-width: 300px) 100vw, 300px\" \/><\/a><\/p>\n<p style=\"text-align: center;\"><span style=\"font-size: large;\"><b>Komunikat<\/b><\/span><\/p>\n<p>ko\u0144cowy z odbytych zawod\u00f3w sportowych \u201eOtwarte Mistrzostwa Powiatu Wejherowskiego w BOCCIA\u201d pod patronatem Starosty Wejherowskiego<\/p>\n<p>Zawody odby\u0142y si\u0119 w terminach 10, 17 i 24 kwietnia 2016 r..<\/p>\n<p>Turnieje rozegrano w sali Zespo\u0142u Szk\u00f3\u0142 nr 2 w Wejherowie ul. Gda\u0144ska 30 w 4 kategoriach startowych: kobiety i m\u0119\u017cczy\u017ani niepe\u0142nosprawni, indywidualnie \u201eOpen\u201d i parami \u201eOpen\u201d.<\/p>\n<p>W turniejach startowa\u0142o 70 os\u00f3b z Wejherowa, Gdyni, Redy i Rumii.<\/p>\n<p>Wyniki turniej\u00f3w:<\/p>\n<p><b>1) Kobiety niepe\u0142nosprawne:<\/b><\/p>\n<p>I m \u2013 Andrzejewska Gabriela &#8211; Rumia<\/p>\n<p>II m \u2013 Eigner Alicja &#8211; Wejherowo<\/p>\n<p>III m Szpunar Helena \u2013 Wejherowo<\/p>\n<p>IV m Konik Anna \u2013 Reda<\/p>\n<p><b>Fina\u0142- Andrzejewska \u2013 Eigner 3: 0<\/b><\/p>\n<p><b>2) M\u0119\u017cczy\u017ani niepe\u0142nosprawni:<\/b><\/p>\n<p>I m &#8211; Ku\u017ami\u0144ski Franciszek &#8211; Wejherowo<\/p>\n<p>II m \u2013 Lewandowski Janusz &#8211; Gdynia<\/p>\n<p>III m \u2013 Z\u0119bko Jan \u2013 Wejherowo<\/p>\n<p>IV m \u2013 Andrzejewski Adam \u2013 Rumia<\/p>\n<p><b>Fina\u0142 \u2013 Ku\u017ami\u0144ski \u2013 Lewandowski 5:2<\/b><\/p>\n<p><b>3) Indywidualnie \u201eOpen\u201d:<\/b><\/p>\n<p>I m &#8211; Bia\u0142as Andrzej \u2013 Wejherowo<\/p>\n<p>II m \u2013 Andrzejewska Gabriela &#8211; Rumia<\/p>\n<p>III m \u2013 Konik Anna \u2013 Reda<\/p>\n<p>IV m \u2013 Szpunar Helena \u2013 Wejherowo<\/p>\n<p><b>Fina\u0142- Bia\u0142as \u2013 Andrzejewska 5:2<\/b><\/p>\n<p><b>4) Pary \u201eOpen\u201d<\/b><\/p>\n<p>I m \u2013 Wolska Maria \u2013 Z\u0119bko Jan \u2013 Rumia \/ Wejherowo<\/p>\n<p>II m \u2013 Gajewski Jerzy \u2013 Gieryk Stanis\u0142aw \/Rumia<\/p>\n<p>III m \u2013 Ku\u017ami\u0144ski Franciszek \u2013 Ku\u017ami\u0144ski Wojciech \u2013 Wejherowo<\/p>\n<p>IV m \u2013 Ptach Henryk \u2013 Skwarczy\u0144ski Zbigniew \u2013 Wejherowo<\/p>\n<p><b>Fina\u0142- Wolska \u2013 Z\u0119bko 3:1<\/b><\/p>\n<p>Zwyci\u0119zcy poszczeg\u00f3lnych kategorii otrzymali puchary.<\/p>\n<p>Organizatorem zawod\u00f3w by\u0142o Integracyjne Stowarzyszenie Sportowe \u2018\u2019START \u2018\u2019 Wejherowo.<\/p>\n","protected":false},"excerpt":{"rendered":"<p>Komunikat ko\u0144cowy z odbytych zawod\u00f3w sportowych \u201eOtwarte Mistrzostwa Powiatu Wejherowskiego w BOCCIA\u201d pod patronatem Starosty Wejherowskiego Zawody odby\u0142y si\u0119 w terminach 10, 17 i 24 kwietnia 2016 r.. Turnieje rozegrano w sali Zespo\u0142u Szk\u00f3\u0142 nr 2 w Wejherowie ul. Gda\u0144ska 30 w 4 kategoriach startowych: kobiety i m\u0119\u017cczy\u017ani niepe\u0142nosprawni, indywidualnie \u201eOpen\u201d i parami \u201eOpen\u201d. W [&hellip;]<\/p>\n","protected":false},"author":2,"featured_media":0,"comment_status":"open","ping_status":"open","sticky":false,"template":"","format":"standard","meta":{"ngg_post_thumbnail":0},"categories":[5],"tags":[],"_links":{"self":[{"href":"http:\/\/startwejherowo.pl\/index.php?rest_route=\/wp\/v2\/posts\/859"}],"collection":[{"href":"http:\/\/startwejherowo.pl\/index.php?rest_route=\/wp\/v2\/posts"}],"about":[{"href":"http:\/\/startwejherowo.pl\/index.php?rest_route=\/wp\/v2\/types\/post"}],"author":[{"embeddable":true,"href":"http:\/\/startwejherowo.pl\/index.php?rest_route=\/wp\/v2\/users\/2"}],"replies":[{"embeddable":true,"href":"http:\/\/startwejherowo.pl\/index.php?rest_route=%2Fwp%2Fv2%2Fcomments&post=859"}],"version-history":[{"count":3,"href":"http:\/\/startwejherowo.pl\/index.php?rest_route=\/wp\/v2\/posts\/859\/revisions"}],"predecessor-version":[{"id":863,"href":"http:\/\/startwejherowo.pl\/index.php?rest_route=\/wp\/v2\/posts\/859\/revisions\/863"}],"wp:attachment":[{"href":"http:\/\/startwejherowo.pl\/index.php?rest_route=%2Fwp%2Fv2%2Fmedia&parent=859"}],"wp:term":[{"taxonomy":"category","embeddable":true,"href":"http:\/\/startwejherowo.pl\/index.php?rest_route=%2Fwp%2Fv2%2Fcategories&post=859"},{"taxonomy":"post_tag","embeddable":true,"href":"http:\/\/startwejherowo.pl\/index.php?rest_route=%2Fwp%2Fv2%2Ftags&post=859"}],"curies":[{"name":"wp","href":"https:\/\/api.w.org\/{rel}","templated":true}]}}