{"id":864,"date":"2016-05-28T17:57:05","date_gmt":"2016-05-28T17:57:05","guid":{"rendered":"http:\/\/startwejherowo.pl\/?p=864"},"modified":"2016-05-28T17:57:44","modified_gmt":"2016-05-28T17:57:44","slug":"zawody-w-jastrzebiej-gorze-2","status":"publish","type":"post","link":"http:\/\/startwejherowo.pl\/?p=864","title":{"rendered":"Zawody w Jastrz\u0119biej G\u00f3rze"},"content":{"rendered":"<p><a href=\"http:\/\/startwejherowo.pl\/wp-content\/gallery\/start\/Zawody%20w%20Jastrzebiej%20Gorze\/index.html\"><img loading=\"lazy\" class=\"aligncenter wp-image-865 size-medium\" src=\"http:\/\/startwejherowo.pl\/wp-content\/uploads\/2016\/05\/11-300x225.jpg\" alt=\"11\" width=\"300\" height=\"225\" srcset=\"http:\/\/startwejherowo.pl\/wp-content\/uploads\/2016\/05\/11-300x225.jpg 300w, http:\/\/startwejherowo.pl\/wp-content\/uploads\/2016\/05\/11-768x576.jpg 768w, http:\/\/startwejherowo.pl\/wp-content\/uploads\/2016\/05\/11-1024x768.jpg 1024w, http:\/\/startwejherowo.pl\/wp-content\/uploads\/2016\/05\/11.jpg 1200w\" sizes=\"(max-width: 300px) 100vw, 300px\" \/><\/a><\/p>\n<p><b>Jastrz\u0119bia G\u00f3ra 13 \u2013 15. 05. 2016 r.<\/b><\/p>\n<p><span style=\"font-size: large;\"><b>Komunikat ko\u0144cowy<\/b><\/span><\/p>\n<p><span style=\"font-size: medium;\"><b>Z przeprowadzonej imprezy sportowej :<\/b><\/span><\/p>\n<p>\u201e<span style=\"font-size: medium;\"><b>Zawody Sportowe Os\u00f3b Niepe\u0142nosprawnych w Tenisie Sto\u0142owym, Boccia i Szachach \u2018\u2019 w Jastrz\u0119biej G\u00f3rze w dniach 13 \u2013 15. 05. 2016 r. <\/b><\/span><\/p>\n<p>W zawodach wzi\u0119\u0142o udzia\u0142 20 uczestnik\u00f3w, z kt\u00f3rych ka\u017cdy startowa\u0142 we wszystkich dyscyplinach. Sporz\u0105dzono te\u017c klasyfikacj\u0119 \u0142\u0105czn\u0105.<\/p>\n<p><span style=\"font-size: medium;\"><b>Wyniki:<\/b><\/span><\/p>\n<p><span style=\"font-size: medium;\"><b>1) Tenis sto\u0142owy<\/b><\/span><\/p>\n<p>I m &#8211; Eigner Alicja<\/p>\n<p>II m &#8211; Skwarczy\u0144ski Zbigniew<\/p>\n<p>III m &#8211; Goike \u0141ukasz<\/p>\n<p>IV m &#8211; Andrzejewski Adam<\/p>\n<p>V m &#8211; Bu\u0142akowski Andrzej<\/p>\n<p>VI m &#8211; Puchowski Andrzej<\/p>\n<p><span style=\"font-size: medium;\"><b>2) Boccia<\/b><\/span><\/p>\n<p>I m &#8211; Ku\u017ami\u0144ski Wojciech<\/p>\n<p>II m &#8211; Skwarczy\u0144ski Zbigniew<\/p>\n<p>III m \u2013 Bu\u0142akowski Andrzej<\/p>\n<p>IV m &#8211; Eigner Alicja<\/p>\n<p>V m &#8211; Bia\u0142as Andrzej<\/p>\n<p>VI m &#8211; Ruchalski Krzysztof<\/p>\n<p><span style=\"font-size: medium;\"><b>3) Szachy<\/b><\/span><\/p>\n<p>I m &#8211; Ku\u017ami\u0144ski Franciszek<\/p>\n<p>II m &#8211; Bu\u0142akowski Andrzej<\/p>\n<p>III m &#8211; Skwarczy\u0144ski Zbigniew<\/p>\n<p>IV m \u2013 Szczodrowski Zdzis\u0142aw<\/p>\n<p>V m &#8211; Goike \u0141ukasz<\/p>\n<p>VI m &#8211; Bia\u0142as Andrzej<\/p>\n<p><span style=\"font-size: medium;\"><b>Klasyfikacja \u0142\u0105czna<\/b><\/span><\/p>\n<p>I m &#8211; Skwarczy\u0144ski Zbigniew &#8211; 56 pkt<\/p>\n<p>II m &#8211; Eigner Alicja &#8211; 53 pkt<\/p>\n<p>III m &#8211; Bu\u0142akowski Andrzej &#8211; 52 pkt<\/p>\n<p>IV m &#8211; Ku\u017ami\u0144ski Wojciech &#8211; 49 pkt<\/p>\n<p>V m &#8211; Goyke \u0141ukasz &#8211; 48 pkt<\/p>\n<p>VI m &#8211; Ku\u017ami\u0144ski Franciszek &#8211; 45 pkt<\/p>\n<p>Na zako\u0144czenie imprezy zwyci\u0119zcy poszczeg\u00f3lnych konkurencji otrzymali puchary.<\/p>\n<p>&nbsp;<\/p>\n<p>Organizatorem zawod\u00f3w by\u0142o Integracyjne Stowarzyszenie Sportowe \u201eSTART\u201d Wejherowo oraz Powiatowe Centrum Pomocy Rodzinie w Wejherowie.<\/p>\n","protected":false},"excerpt":{"rendered":"<p>Jastrz\u0119bia G\u00f3ra 13 \u2013 15. 05. 2016 r. Komunikat ko\u0144cowy Z przeprowadzonej imprezy sportowej : \u201eZawody Sportowe Os\u00f3b Niepe\u0142nosprawnych w Tenisie Sto\u0142owym, Boccia i Szachach \u2018\u2019 w Jastrz\u0119biej G\u00f3rze w dniach 13 \u2013 15. 05. 2016 r. W zawodach wzi\u0119\u0142o udzia\u0142 20 uczestnik\u00f3w, z kt\u00f3rych ka\u017cdy startowa\u0142 we wszystkich dyscyplinach. Sporz\u0105dzono te\u017c klasyfikacj\u0119 \u0142\u0105czn\u0105. Wyniki: [&hellip;]<\/p>\n","protected":false},"author":2,"featured_media":0,"comment_status":"open","ping_status":"open","sticky":false,"template":"","format":"standard","meta":{"ngg_post_thumbnail":0},"categories":[4],"tags":[],"_links":{"self":[{"href":"http:\/\/startwejherowo.pl\/index.php?rest_route=\/wp\/v2\/posts\/864"}],"collection":[{"href":"http:\/\/startwejherowo.pl\/index.php?rest_route=\/wp\/v2\/posts"}],"about":[{"href":"http:\/\/startwejherowo.pl\/index.php?rest_route=\/wp\/v2\/types\/post"}],"author":[{"embeddable":true,"href":"http:\/\/startwejherowo.pl\/index.php?rest_route=\/wp\/v2\/users\/2"}],"replies":[{"embeddable":true,"href":"http:\/\/startwejherowo.pl\/index.php?rest_route=%2Fwp%2Fv2%2Fcomments&post=864"}],"version-history":[{"count":2,"href":"http:\/\/startwejherowo.pl\/index.php?rest_route=\/wp\/v2\/posts\/864\/revisions"}],"predecessor-version":[{"id":867,"href":"http:\/\/startwejherowo.pl\/index.php?rest_route=\/wp\/v2\/posts\/864\/revisions\/867"}],"wp:attachment":[{"href":"http:\/\/startwejherowo.pl\/index.php?rest_route=%2Fwp%2Fv2%2Fmedia&parent=864"}],"wp:term":[{"taxonomy":"category","embeddable":true,"href":"http:\/\/startwejherowo.pl\/index.php?rest_route=%2Fwp%2Fv2%2Fcategories&post=864"},{"taxonomy":"post_tag","embeddable":true,"href":"http:\/\/startwejherowo.pl\/index.php?rest_route=%2Fwp%2Fv2%2Ftags&post=864"}],"curies":[{"name":"wp","href":"https:\/\/api.w.org\/{rel}","templated":true}]}}