{"id":868,"date":"2016-06-04T18:07:18","date_gmt":"2016-06-04T18:07:18","guid":{"rendered":"http:\/\/startwejherowo.pl\/?p=868"},"modified":"2016-06-04T18:07:18","modified_gmt":"2016-06-04T18:07:18","slug":"zawody-w-mauszu-2016","status":"publish","type":"post","link":"http:\/\/startwejherowo.pl\/?p=868","title":{"rendered":"Zawody w Mauszu 2016"},"content":{"rendered":"<p><span style=\"font-size: large;\"><b><a href=\"Komunikat z udzia\u0142u w zawodach sportowych.  W dniach 6-8 maja 2016 roku reprezentacja Integracyjnego Stowarzyszenia Sportowego\u201eStart\u201d w Wejherowie bra\u0142a udzia\u0142 w Og\u00f3lnopolskich Zawodach w Bocci, kt\u00f3re odby\u0142y si\u0119 w miejscowo\u015bci Ostr\u00f3w Mausz  k \/ Bytowa . W zawodach brali udzia\u0142 zawodnicy z ca\u0142ej Polski, poza Wejherowem startowali m.in. zawodnicy z: Zielonej G\u00f3ry, Gi\u017cycka, Gda\u0144ska, Siedlec, Ko\u0142obrzegu i Bydgoszczy. Reprezentacje naszego Stowarzyszenia w konkurencji dru\u017cynowej zaj\u0119\u0142y I i II miejsce. Pierwsze miejsce zaj\u0105\u0142 zesp\u00f3\u0142 w sk\u0142adzie: Andrzej Puchowski, Zbigniew Skwarczy\u0144ski, Andrzej Bu\u0142akowski.  Drugie miejsce zaj\u0105\u0142 zesp\u00f3\u0142 w sk\u0142adzie: Waldemar Konik, Helena Szpunar,      i Anna Konik. W konkurencji indywidualnej II miejsce zaj\u0105\u0142  Stanis\u0142aw Gieryk                      a IV m. Alicja Eigner\/ oboje ISS\u2019\u2019 START \u2018\u2019 Wejherowo\/.\"><img loading=\"lazy\" class=\"aligncenter size-medium wp-image-869\" src=\"http:\/\/startwejherowo.pl\/wp-content\/uploads\/2016\/06\/2-300x212.jpg\" alt=\"2\" width=\"300\" height=\"212\" srcset=\"http:\/\/startwejherowo.pl\/wp-content\/uploads\/2016\/06\/2-300x212.jpg 300w, http:\/\/startwejherowo.pl\/wp-content\/uploads\/2016\/06\/2-768x543.jpg 768w, http:\/\/startwejherowo.pl\/wp-content\/uploads\/2016\/06\/2-1024x724.jpg 1024w, http:\/\/startwejherowo.pl\/wp-content\/uploads\/2016\/06\/2.jpg 1200w\" sizes=\"(max-width: 300px) 100vw, 300px\" \/><\/a>Komunikat z udzia\u0142u w zawodach sportowych.<\/b><\/span><\/p>\n<p><span style=\"font-size: large;\">W dniach 6-8 maja 2016 roku reprezentacja Integracyjnego Stowarzyszenia Sportowego\u201eStart\u201d w Wejherowie bra\u0142a udzia\u0142 w Og\u00f3lnopolskich Zawodach w Bocci, kt\u00f3re odby\u0142y si\u0119 w miejscowo\u015bci Ostr\u00f3w Mausz k \/ Bytowa . W zawodach brali udzia\u0142 zawodnicy z ca\u0142ej Polski, poza Wejherowem startowali m.in. zawodnicy z: Zielonej G\u00f3ry, Gi\u017cycka, Gda\u0144ska, Siedlec, Ko\u0142obrzegu i Bydgoszczy.<\/span><\/p>\n<p><span style=\"font-size: large;\">Reprezentacje naszego Stowarzyszenia w konkurencji dru\u017cynowej zaj\u0119\u0142y I i II miejsce. Pierwsze miejsce zaj\u0105\u0142 zesp\u00f3\u0142 w sk\u0142adzie: <\/span><span style=\"font-size: large;\"><b>Andrzej Puchowski, Zbigniew Skwarczy\u0144ski, Andrzej Bu\u0142akowski. <\/b><\/span><\/p>\n<p><span style=\"font-size: large;\">Drugie miejsce zaj\u0105\u0142 zesp\u00f3\u0142 w sk\u0142adzie: <\/span><span style=\"font-size: large;\"><b>Waldemar Konik, Helena Szpunar, i Anna Konik.<\/b><\/span><\/p>\n<p><span style=\"font-size: large;\">W konkurencji indywidualnej II miejsce zaj\u0105\u0142 <\/span><span style=\"font-size: large;\"><b>Stanis\u0142aw Gieryk a IV m. Alicja Eigner\/ oboje ISS\u2019\u2019 START \u2018\u2019 Wejherowo\/.<\/b><\/span><\/p>\n","protected":false},"excerpt":{"rendered":"<p>Komunikat z udzia\u0142u w zawodach sportowych. W dniach 6-8 maja 2016 roku reprezentacja Integracyjnego Stowarzyszenia Sportowego\u201eStart\u201d w Wejherowie bra\u0142a udzia\u0142 w Og\u00f3lnopolskich Zawodach w Bocci, kt\u00f3re odby\u0142y si\u0119 w miejscowo\u015bci Ostr\u00f3w Mausz k \/ Bytowa . W zawodach brali udzia\u0142 zawodnicy z ca\u0142ej Polski, poza Wejherowem startowali m.in. zawodnicy z: Zielonej G\u00f3ry, Gi\u017cycka, Gda\u0144ska, Siedlec, [&hellip;]<\/p>\n","protected":false},"author":2,"featured_media":0,"comment_status":"open","ping_status":"open","sticky":false,"template":"","format":"standard","meta":{"ngg_post_thumbnail":0},"categories":[5],"tags":[],"_links":{"self":[{"href":"http:\/\/startwejherowo.pl\/index.php?rest_route=\/wp\/v2\/posts\/868"}],"collection":[{"href":"http:\/\/startwejherowo.pl\/index.php?rest_route=\/wp\/v2\/posts"}],"about":[{"href":"http:\/\/startwejherowo.pl\/index.php?rest_route=\/wp\/v2\/types\/post"}],"author":[{"embeddable":true,"href":"http:\/\/startwejherowo.pl\/index.php?rest_route=\/wp\/v2\/users\/2"}],"replies":[{"embeddable":true,"href":"http:\/\/startwejherowo.pl\/index.php?rest_route=%2Fwp%2Fv2%2Fcomments&post=868"}],"version-history":[{"count":1,"href":"http:\/\/startwejherowo.pl\/index.php?rest_route=\/wp\/v2\/posts\/868\/revisions"}],"predecessor-version":[{"id":870,"href":"http:\/\/startwejherowo.pl\/index.php?rest_route=\/wp\/v2\/posts\/868\/revisions\/870"}],"wp:attachment":[{"href":"http:\/\/startwejherowo.pl\/index.php?rest_route=%2Fwp%2Fv2%2Fmedia&parent=868"}],"wp:term":[{"taxonomy":"category","embeddable":true,"href":"http:\/\/startwejherowo.pl\/index.php?rest_route=%2Fwp%2Fv2%2Fcategories&post=868"},{"taxonomy":"post_tag","embeddable":true,"href":"http:\/\/startwejherowo.pl\/index.php?rest_route=%2Fwp%2Fv2%2Ftags&post=868"}],"curies":[{"name":"wp","href":"https:\/\/api.w.org\/{rel}","templated":true}]}}