{"id":871,"date":"2016-06-07T18:11:43","date_gmt":"2016-06-07T18:11:43","guid":{"rendered":"http:\/\/startwejherowo.pl\/?p=871"},"modified":"2016-06-07T18:11:43","modified_gmt":"2016-06-07T18:11:43","slug":"zawody-boccia-w-kolobrzegu","status":"publish","type":"post","link":"http:\/\/startwejherowo.pl\/?p=871","title":{"rendered":"Zawody Boccia w Ko\u0142obrzegu"},"content":{"rendered":"<p><span style=\"font-size: large;\"><b><a href=\"http:\/\/startwejherowo.pl\/wp-content\/gallery\/start\/Zawody%20Boccia%20w%20Kolobrzegu\/index.html\"><img loading=\"lazy\" class=\"aligncenter wp-image-872 size-medium\" src=\"http:\/\/startwejherowo.pl\/wp-content\/uploads\/2016\/06\/12-300x225.jpg\" alt=\"12\" width=\"300\" height=\"225\" srcset=\"http:\/\/startwejherowo.pl\/wp-content\/uploads\/2016\/06\/12-300x225.jpg 300w, http:\/\/startwejherowo.pl\/wp-content\/uploads\/2016\/06\/12-768x576.jpg 768w, http:\/\/startwejherowo.pl\/wp-content\/uploads\/2016\/06\/12-1024x768.jpg 1024w, http:\/\/startwejherowo.pl\/wp-content\/uploads\/2016\/06\/12.jpg 1200w\" sizes=\"(max-width: 300px) 100vw, 300px\" \/><\/a>\u00a0Komunikat z udzia\u0142u w zawodach sportowych<\/b><\/span><\/p>\n<p><span style=\"font-size: large;\">W dniu 30 kwietnia 2016 reprezentacja Integracyjnego Stowarzyszenia Sportowego \u201eStart\u201d w Wejherowie wzi\u0119\u0142a udzia\u0142 w pierwszych zawodach <\/span><\/p>\n<p><span style=\"font-size: large;\">o Puchar Prezydenta Ko\u0142obrzegu w Bocci. W zawodach uczestniczy\u0142y dru\u017cyny z ca\u0142ej Polski. <\/span><\/p>\n<p><span style=\"font-size: large;\">Nasza reprezentacja zaj\u0119\u0142a pierwsze i drugie miejsce w kategorii dru\u017cynowej. Pierwsze miejsce zdobyli: <\/span><span style=\"font-size: large;\"><b>Andrzej Puchowski, Stanis\u0142aw Gieryk,<\/b><\/span> <span style=\"font-size: large;\"><b>Maria Wolska-Gieryk, kt\u00f3rzy w finale pokonali drugi nasz zesp\u00f3\u0142<\/b><\/span><\/p>\n<p><span style=\"font-size: large;\">w sk\u0142adzie <\/span><span style=\"font-size: large;\"><b> Franciszek Ku\u017cmi\u0144ski, Wojciech Ku\u017cmi\u0144ski i Bogdan\u017bywicki w stosunku tylko 8-7.<\/b><\/span><\/p>\n<p><span style=\"font-size: large;\">Innowacj\u0105 by\u0142y rozgrywki dzieci pierwsze miejsce zdoby\u0142a te\u017c nasza pociecha <\/span><span style=\"font-size: large;\"><b>Ku\u017ami\u0144ski Cezary<\/b><\/span><span style=\"font-size: large;\">. Zawody przebiega\u0142y w mi\u0142ej i sympatycznej atmosferze.<\/span><\/p>\n<p><span style=\"font-size: large;\">Trenerem reprezentacji by\u0142a Pani Maria Wolska \u2013 Gieryk.<\/span><\/p>\n","protected":false},"excerpt":{"rendered":"<p>\u00a0Komunikat z udzia\u0142u w zawodach sportowych W dniu 30 kwietnia 2016 reprezentacja Integracyjnego Stowarzyszenia Sportowego \u201eStart\u201d w Wejherowie wzi\u0119\u0142a udzia\u0142 w pierwszych zawodach o Puchar Prezydenta Ko\u0142obrzegu w Bocci. W zawodach uczestniczy\u0142y dru\u017cyny z ca\u0142ej Polski. Nasza reprezentacja zaj\u0119\u0142a pierwsze i drugie miejsce w kategorii dru\u017cynowej. Pierwsze miejsce zdobyli: Andrzej Puchowski, Stanis\u0142aw Gieryk, Maria Wolska-Gieryk, [&hellip;]<\/p>\n","protected":false},"author":2,"featured_media":0,"comment_status":"open","ping_status":"open","sticky":false,"template":"","format":"standard","meta":{"ngg_post_thumbnail":0},"categories":[5],"tags":[],"_links":{"self":[{"href":"http:\/\/startwejherowo.pl\/index.php?rest_route=\/wp\/v2\/posts\/871"}],"collection":[{"href":"http:\/\/startwejherowo.pl\/index.php?rest_route=\/wp\/v2\/posts"}],"about":[{"href":"http:\/\/startwejherowo.pl\/index.php?rest_route=\/wp\/v2\/types\/post"}],"author":[{"embeddable":true,"href":"http:\/\/startwejherowo.pl\/index.php?rest_route=\/wp\/v2\/users\/2"}],"replies":[{"embeddable":true,"href":"http:\/\/startwejherowo.pl\/index.php?rest_route=%2Fwp%2Fv2%2Fcomments&post=871"}],"version-history":[{"count":1,"href":"http:\/\/startwejherowo.pl\/index.php?rest_route=\/wp\/v2\/posts\/871\/revisions"}],"predecessor-version":[{"id":873,"href":"http:\/\/startwejherowo.pl\/index.php?rest_route=\/wp\/v2\/posts\/871\/revisions\/873"}],"wp:attachment":[{"href":"http:\/\/startwejherowo.pl\/index.php?rest_route=%2Fwp%2Fv2%2Fmedia&parent=871"}],"wp:term":[{"taxonomy":"category","embeddable":true,"href":"http:\/\/startwejherowo.pl\/index.php?rest_route=%2Fwp%2Fv2%2Fcategories&post=871"},{"taxonomy":"post_tag","embeddable":true,"href":"http:\/\/startwejherowo.pl\/index.php?rest_route=%2Fwp%2Fv2%2Ftags&post=871"}],"curies":[{"name":"wp","href":"https:\/\/api.w.org\/{rel}","templated":true}]}}