{"id":902,"date":"2016-11-22T18:41:55","date_gmt":"2016-11-22T18:41:55","guid":{"rendered":"http:\/\/startwejherowo.pl\/?p=902"},"modified":"2016-11-22T18:53:52","modified_gmt":"2016-11-22T18:53:52","slug":"start-wejherowo-podwojnym-druzynowym-mistrzem-polski-niepelnosprawnych-w-szachach","status":"publish","type":"post","link":"http:\/\/startwejherowo.pl\/?p=902","title":{"rendered":"START Wejherowo podw\u00f3jnym Dru\u017cynowym Mistrzem Polski  Niepe\u0142nosprawnych w Szachach"},"content":{"rendered":"<p><b><a href=\"http:\/\/startwejherowo.pl\/wp-content\/gallery\/start\/Szachy%20-%20mistrzostwa\/index.html\"><img loading=\"lazy\" class=\"aligncenter wp-image-904 size-medium\" src=\"http:\/\/startwejherowo.pl\/wp-content\/uploads\/2016\/11\/SDC14311-300x225.jpg\" alt=\"sdc14311\" width=\"300\" height=\"225\" srcset=\"http:\/\/startwejherowo.pl\/wp-content\/uploads\/2016\/11\/SDC14311-300x225.jpg 300w, http:\/\/startwejherowo.pl\/wp-content\/uploads\/2016\/11\/SDC14311-768x576.jpg 768w, http:\/\/startwejherowo.pl\/wp-content\/uploads\/2016\/11\/SDC14311.jpg 1024w\" sizes=\"(max-width: 300px) 100vw, 300px\" \/><\/a>START Wejherowo podw\u00f3jnym Dru\u017cynowym Mistrzem Polski Niepe\u0142nosprawnych w Szachach<\/b><\/p>\n<p><span style=\"font-size: medium;\">W Gorzowie Wielkopolskim w dn. 4 &#8211; 6.XI.2016 r. odby\u0142y si\u0119 \u201eOtwarte Mistrzostwa Polski Os\u00f3b Niepe\u0142nosprawnych w Szachach w kt\u00f3rych wzi\u0119\u0142o \u0142\u0105cznie 71 zawodnik\u00f3w z ca\u0142ej Polski.<\/span><\/p>\n<p><span style=\"font-size: medium;\"><b>Wyniki ko\u0144cowe:<\/b><\/span><\/p>\n<p><span style=\"font-size: medium;\"><b>A. Mistrzostwa Polski w Szachach B\u0142yskawicznych<\/b><\/span><\/p>\n<p><span style=\"font-size: medium;\"><b>Indywidualnie:<\/b><\/span><\/p>\n<p><span style=\"font-size: medium;\">I m &#8211; Zygmunt Wielecki &#8211; \u201eSTART\u201d Wejherowo &#8211; 9,0 pkt<\/span><\/p>\n<p><span style=\"font-size: medium;\">II m &#8211; Zygmunt Bo\u0142a &#8211; \u201eSTART\u201d Gorz\u00f3w Wlkp &#8211; 8,5 pkt<\/span><\/p>\n<p><span style=\"font-size: medium;\">III m &#8211; Krzysztof Jurkiewicz &#8211; \u201eSTART\u201d Wejherowo &#8211; 8,5 pkt<\/span><\/p>\n<p><span style=\"font-size: medium;\">IV m &#8211; Leszek Szyma\u0144ski &#8211; \u201eSTART\u201d Wroc\u0142aw &#8211; 7,5 pkt<\/span><\/p>\n<p><span style=\"font-size: medium;\">&#8211; pozostali zawodnicy \u201eSTART \u2018\u2019 Wejherowo zaj\u0119li miejsca:<\/span><\/p>\n<p><span style=\"font-size: medium;\">VII m &#8211; Tadeusz Panek &#8211; 6,0 pkt<\/span><\/p>\n<p><span style=\"font-size: medium;\">IX m &#8211; Marek Uzia\u0142ko &#8211; 6,0 pkt<\/span><\/p>\n<p><span style=\"font-size: medium;\"><b>W klasyfikacji dru\u017cynowej:<\/b><\/span><\/p>\n<p><span style=\"font-size: medium;\">I m &#8211; ISS \u201eSTART\u201d Wejherowo &#8211; 23,5 pkt<\/span><\/p>\n<p><span style=\"font-size: medium;\">II m &#8211; GZSN \u201eSTART\u201d Gorz\u00f3w Wlkp. &#8211; 23,0 pkt<\/span><\/p>\n<p><span style=\"font-size: medium;\">III m &#8211; WZSN \u201eSTART\u201d Wroc\u0142aw &#8211; 19,0 pkt<\/span><\/p>\n<p><span style=\"font-size: medium;\"><b>B. Mistrzostwa Polski w Szachach Szybkich<\/b><\/span><\/p>\n<p><span style=\"font-size: medium;\"><b>Indywidualnie:<\/b><\/span><\/p>\n<p><span style=\"font-size: medium;\">I m &#8211; Andrzej Kozicz &#8211; \u201eSTART\u201d Gorz\u00f3w Wlkp. &#8211; 7,5 pkt<\/span><\/p>\n<p><span style=\"font-size: medium;\">II m &#8211; Krzysztof Jurkiewicz &#8211; \u201eSTART\u201d Wejherowo &#8211; 7,0 pkt<\/span><\/p>\n<p><span style=\"font-size: medium;\">III m &#8211; Marek Uzia\u0142ko &#8211; \u201eSTART\u201d Wejherowo &#8211; 6,5 pkt<\/span><\/p>\n<p><span style=\"font-size: medium;\">IV m &#8211; Zygmunt Wielicki &#8211; \u201eSTART\u201d Wejherowo &#8211; 6,5 pkt<\/span><\/p>\n<p><span style=\"font-size: medium;\">&#8211; pozostali zawodnicy \u201eSTART\u201d Wejherowo zaj\u0119li miejsca:<\/span><\/p>\n<p><span style=\"font-size: medium;\">XII m &#8211; Adam Hebel &#8211; 5,0 pkt<\/span><\/p>\n<p><span style=\"font-size: medium;\">XXX m &#8211; Zdzis\u0142aw Szczodrowski &#8211; 3,0 pkt<\/span><\/p>\n<p><span style=\"font-size: medium;\"><b>W klasyfikacji dru\u017cynowej:<\/b><\/span><\/p>\n<p><span style=\"font-size: medium;\">I m &#8211; ISS \u201eSTART\u201d Wejherowo &#8211; 20,0 pkt<\/span><\/p>\n<p><span style=\"font-size: medium;\">II m &#8211; GZSN \u201cSTART\u201d Gorz\u00f3w Wlkp. &#8211; 18,5 pkt<\/span><\/p>\n<p><span style=\"font-size: medium;\">III m &#8211; WZSN \u201eSTART\u201d Wroc\u0142aw &#8211; 15,5 pkt<\/span><\/p>\n<p><span style=\"font-size: medium;\">Trenerem z Wejherowskiego zespo\u0142u jest Pan Zygmunt Wielecki.<\/span><\/p>\n<p><span style=\"font-size: medium;\">Organizatorem Mistrzostw by\u0142o Ministerstwo Sportu i Turystyki w Warszawie, PFRON oraz Gorzowski Zwi\u0105zek Sportu Niepe\u0142nosprawnych \u201eSTART\u201d w Gorzowie Wielkopolskim.<\/span><\/p>\n","protected":false},"excerpt":{"rendered":"<p>START Wejherowo podw\u00f3jnym Dru\u017cynowym Mistrzem Polski Niepe\u0142nosprawnych w Szachach W Gorzowie Wielkopolskim w dn. 4 &#8211; 6.XI.2016 r. odby\u0142y si\u0119 \u201eOtwarte Mistrzostwa Polski Os\u00f3b Niepe\u0142nosprawnych w Szachach w kt\u00f3rych wzi\u0119\u0142o \u0142\u0105cznie 71 zawodnik\u00f3w z ca\u0142ej Polski. Wyniki ko\u0144cowe: A. Mistrzostwa Polski w Szachach B\u0142yskawicznych Indywidualnie: I m &#8211; Zygmunt Wielecki &#8211; \u201eSTART\u201d Wejherowo &#8211; 9,0 [&hellip;]<\/p>\n","protected":false},"author":2,"featured_media":0,"comment_status":"open","ping_status":"open","sticky":false,"template":"","format":"standard","meta":{"ngg_post_thumbnail":0},"categories":[6],"tags":[],"_links":{"self":[{"href":"http:\/\/startwejherowo.pl\/index.php?rest_route=\/wp\/v2\/posts\/902"}],"collection":[{"href":"http:\/\/startwejherowo.pl\/index.php?rest_route=\/wp\/v2\/posts"}],"about":[{"href":"http:\/\/startwejherowo.pl\/index.php?rest_route=\/wp\/v2\/types\/post"}],"author":[{"embeddable":true,"href":"http:\/\/startwejherowo.pl\/index.php?rest_route=\/wp\/v2\/users\/2"}],"replies":[{"embeddable":true,"href":"http:\/\/startwejherowo.pl\/index.php?rest_route=%2Fwp%2Fv2%2Fcomments&post=902"}],"version-history":[{"count":3,"href":"http:\/\/startwejherowo.pl\/index.php?rest_route=\/wp\/v2\/posts\/902\/revisions"}],"predecessor-version":[{"id":906,"href":"http:\/\/startwejherowo.pl\/index.php?rest_route=\/wp\/v2\/posts\/902\/revisions\/906"}],"wp:attachment":[{"href":"http:\/\/startwejherowo.pl\/index.php?rest_route=%2Fwp%2Fv2%2Fmedia&parent=902"}],"wp:term":[{"taxonomy":"category","embeddable":true,"href":"http:\/\/startwejherowo.pl\/index.php?rest_route=%2Fwp%2Fv2%2Fcategories&post=902"},{"taxonomy":"post_tag","embeddable":true,"href":"http:\/\/startwejherowo.pl\/index.php?rest_route=%2Fwp%2Fv2%2Ftags&post=902"}],"curies":[{"name":"wp","href":"https:\/\/api.w.org\/{rel}","templated":true}]}}