{"id":907,"date":"2016-11-22T18:57:52","date_gmt":"2016-11-22T18:57:52","guid":{"rendered":"http:\/\/startwejherowo.pl\/?p=907"},"modified":"2016-11-22T19:06:18","modified_gmt":"2016-11-22T19:06:18","slug":"otwarte-mistrzostwa-powiatu-wejherowskiego-w-tenisie-stolowym-wyniki","status":"publish","type":"post","link":"http:\/\/startwejherowo.pl\/?p=907","title":{"rendered":"Otwarte Mistrzostwa Powiatu Wejherowskiego w tenisie sto\u0142owym &#8211; wyniki"},"content":{"rendered":"<p><a href=\"http:\/\/startwejherowo.pl\/wp-content\/gallery\/start\/Tenis%20-%20Otwarte%20Mistrzostwa\/index.html\"><img loading=\"lazy\" class=\"aligncenter size-medium wp-image-910\" src=\"http:\/\/startwejherowo.pl\/wp-content\/uploads\/2016\/11\/DSCN2332-300x225.jpg\" alt=\"dscn2332\" width=\"300\" height=\"225\" srcset=\"http:\/\/startwejherowo.pl\/wp-content\/uploads\/2016\/11\/DSCN2332-300x225.jpg 300w, http:\/\/startwejherowo.pl\/wp-content\/uploads\/2016\/11\/DSCN2332-768x576.jpg 768w, http:\/\/startwejherowo.pl\/wp-content\/uploads\/2016\/11\/DSCN2332-1024x768.jpg 1024w, http:\/\/startwejherowo.pl\/wp-content\/uploads\/2016\/11\/DSCN2332.jpg 1200w\" sizes=\"(max-width: 300px) 100vw, 300px\" \/><\/a><\/p>\n<p><b>Komunikat z przeprowadzonej imprezy sportowej<\/b><\/p>\n<p><span style=\"font-size: large;\"><b>&#8211; Tenis Sto\u0142owy \u2013Otwarte Mistrzostwa Powiatu Wejherowskiego <\/b><\/span><\/p>\n<p><span style=\"font-size: medium;\">Na obiektach Zespo\u0142u Szk\u00f3\u0142 nr.2 w Wejherowie \u2013 \u015amiechowie odby\u0142y si\u0119 \u201eOtwarte Mistrzostwa Powiatu Wejherowskiego w Tenisie Sto\u0142owym\u201d.<\/span><\/p>\n<p><span style=\"font-size: medium;\">W imprezie udzia\u0142 wzi\u0119\u0142o 61 zawodniczek i zawodnik\u00f3w z Gda\u0144ska, Gdyni, Rumii, Redy, L\u0119borka, K\u0119b\u0142owa, Robakowa, Miechucina, Rybna, Odargowa, Gniewina, Bolszewa, Luzina, Rekowa i Wejherowa.<\/span><\/p>\n<p><span style=\"font-size: medium;\">Celem zawod\u00f3w by\u0142o uczczenie 98 rocznicy odzyskania Niepodleg\u0142o\u015bci przez Polsk\u0119 oraz wy\u0142onienie indywidualnych mistrz\u00f3w powiatu wejherowskiego na 2016 r.<\/span><\/p>\n<p><span style=\"font-size: medium;\">Na zawody przybyli: etatowy cz\u0142onek Zarz\u0105du Powiatu Jacek Thiel, kt\u00f3ry dokona\u0142 oficjalnego otwarcia turnieju oraz Kierownik Wydzia\u0142u Kultury i Spraw Spo\u0142ecznych UM w Wejherowie Pan Micha\u0142 Jeli\u0144ski i Prezes Biura Rejonowego WZH i U w Wejherowie Pan Ryszard Kliczykowski.<\/span><\/p>\n<p><span style=\"font-size: medium;\"><b>W Turnieju g\u0142\u00f3wnym (open)<\/b><\/span><span style=\"font-size: medium;\"> zwyci\u0119\u017cy\u0142 Krzysztof Szwemin (Rekowo G\u00f3rne) pokonuj\u0105c w finale Mariusza Wo\u0142owieckiego (Gda\u0144sk) 3:1<\/span><\/p>\n<p><span style=\"font-size: medium;\">III m &#8211; Robert Wo\u0142owiecki (Gda\u0144sk), kolejne miejsca zaj\u0119li:<\/span><\/p>\n<p><span style=\"font-size: medium;\">IV m &#8211; Tomasz Malinowski ( Rumia)<\/span><\/p>\n<p><span style=\"font-size: medium;\">V m &#8211; Rados\u0142aw Orz\u0119cki (Rumia)<\/span><\/p>\n<p><span style=\"font-size: medium;\">VI m &#8211; Tomasz Siudek (Reda)<\/span><\/p>\n<p><span style=\"font-size: medium;\"><b>W kategorii Dziewcz\u0105t (do 16 lat)<\/b><\/span><\/p>\n<p><span style=\"font-size: medium;\">I m &#8211; Marta Zimnicka ( Gda\u0144sk )<\/span><\/p>\n<p><span style=\"font-size: medium;\">II m &#8211; Weronika Jarz\u0119bi\u0144ska ( Bolszewo )<\/span><\/p>\n<p><span style=\"font-size: medium;\">III m &#8211; Sofia Turkiewicz (Bolszewo )<\/span><\/p>\n<p><span style=\"font-size: medium;\"><b>W kategorii ch\u0142opc\u00f3w ( do 16 lat)<\/b><\/span><\/p>\n<p><span style=\"font-size: medium;\">I m &#8211; Krzysztof Bohn ( Rumia)<\/span><\/p>\n<p><span style=\"font-size: medium;\">II m &#8211; Robert Szornak ( Rumia)<\/span><\/p>\n<p><span style=\"font-size: medium;\">III m &#8211; Adam Czerniowski ( Gdynia)<\/span><\/p>\n<p><span style=\"font-size: medium;\"><b>Zawody rozegrano tak\u017ce w po\u0142\u0105czonej kategorii os\u00f3b niepe\u0142nosprawnych <\/b><\/span><span style=\"font-size: medium;\">w kt\u00f3rej zwyci\u0119\u017cy\u0142 Zbigniew Skwarczy\u0144ski 2:0 pokonuj\u0105c \u0141ukasza Goike ( obaj Wejherowo).<\/span><\/p>\n<p><span style=\"font-size: medium;\">III m \u2013 Andrzej Bu\u0142akowski (Rumia).<\/span><\/p>\n<p><span style=\"font-size: medium;\">Zwyci\u0119zcy otrzymali puchary, medale, dyplomy i inne gad\u017cety ufundowane przez Starost\u0119 powiatu Wejherowskiego Pani\u0105 Gabriel\u0119 Lisius.<\/span><\/p>\n<p><span style=\"font-size: medium;\">Podczas zawod\u00f3w uczestnicy spo\u017cyli \u201e\u017co\u0142niersk\u0105 groch\u00f3wk\u0119\u201d przygotowan\u0105 przez Zesp\u00f3\u0142 Szk\u00f3\u0142 nr.2 w Wejherowie.<\/span><\/p>\n<p><span style=\"font-size: medium;\">Mistrzostwa bardzo sprawnie przeprowadzili Dagmar Rzoska ( s\u0119dzia g\u0142\u00f3wny) i Andrzej Bia\u0142as ( zast\u0119pca s\u0119dziego g\u0142\u00f3wnego).<\/span><\/p>\n<p><span style=\"font-size: medium;\">Organizatorem zawod\u00f3w by\u0142o Integracyjne Stowarzyszenie Sportowe \u201eSTART\u201d Wejherowo.<\/span><\/p>\n","protected":false},"excerpt":{"rendered":"<p>Komunikat z przeprowadzonej imprezy sportowej &#8211; Tenis Sto\u0142owy \u2013Otwarte Mistrzostwa Powiatu Wejherowskiego Na obiektach Zespo\u0142u Szk\u00f3\u0142 nr.2 w Wejherowie \u2013 \u015amiechowie odby\u0142y si\u0119 \u201eOtwarte Mistrzostwa Powiatu Wejherowskiego w Tenisie Sto\u0142owym\u201d. W imprezie udzia\u0142 wzi\u0119\u0142o 61 zawodniczek i zawodnik\u00f3w z Gda\u0144ska, Gdyni, Rumii, Redy, L\u0119borka, K\u0119b\u0142owa, Robakowa, Miechucina, Rybna, Odargowa, Gniewina, Bolszewa, Luzina, Rekowa i Wejherowa. [&hellip;]<\/p>\n","protected":false},"author":2,"featured_media":0,"comment_status":"open","ping_status":"open","sticky":false,"template":"","format":"standard","meta":{"ngg_post_thumbnail":0},"categories":[7],"tags":[],"_links":{"self":[{"href":"http:\/\/startwejherowo.pl\/index.php?rest_route=\/wp\/v2\/posts\/907"}],"collection":[{"href":"http:\/\/startwejherowo.pl\/index.php?rest_route=\/wp\/v2\/posts"}],"about":[{"href":"http:\/\/startwejherowo.pl\/index.php?rest_route=\/wp\/v2\/types\/post"}],"author":[{"embeddable":true,"href":"http:\/\/startwejherowo.pl\/index.php?rest_route=\/wp\/v2\/users\/2"}],"replies":[{"embeddable":true,"href":"http:\/\/startwejherowo.pl\/index.php?rest_route=%2Fwp%2Fv2%2Fcomments&post=907"}],"version-history":[{"count":3,"href":"http:\/\/startwejherowo.pl\/index.php?rest_route=\/wp\/v2\/posts\/907\/revisions"}],"predecessor-version":[{"id":911,"href":"http:\/\/startwejherowo.pl\/index.php?rest_route=\/wp\/v2\/posts\/907\/revisions\/911"}],"wp:attachment":[{"href":"http:\/\/startwejherowo.pl\/index.php?rest_route=%2Fwp%2Fv2%2Fmedia&parent=907"}],"wp:term":[{"taxonomy":"category","embeddable":true,"href":"http:\/\/startwejherowo.pl\/index.php?rest_route=%2Fwp%2Fv2%2Fcategories&post=907"},{"taxonomy":"post_tag","embeddable":true,"href":"http:\/\/startwejherowo.pl\/index.php?rest_route=%2Fwp%2Fv2%2Ftags&post=907"}],"curies":[{"name":"wp","href":"https:\/\/api.w.org\/{rel}","templated":true}]}}