{"id":931,"date":"2017-04-12T19:15:26","date_gmt":"2017-04-12T19:15:26","guid":{"rendered":"http:\/\/startwejherowo.pl\/?p=931"},"modified":"2017-04-12T19:23:38","modified_gmt":"2017-04-12T19:23:38","slug":"kalendarz-imprez-w-2017","status":"publish","type":"post","link":"http:\/\/startwejherowo.pl\/?p=931","title":{"rendered":"Kalendarz imprez w 2017"},"content":{"rendered":"<p style=\"text-align: center;\"><span style=\"font-size: x-large;\"><b>Kalendarz Imprez Sportowo \u2013 Integracyjnych<\/b><\/span><\/p>\n<p style=\"text-align: center;\"><span style=\"font-size: x-large;\"><b>na 2017 r.<\/b><\/span><\/p>\n<table style=\"height: 1500px;\" border=\"1\" width=\"817\" cellspacing=\"0\" cellpadding=\"7\">\n<colgroup>\n<col width=\"29\">\n<col width=\"273\">\n<col width=\"116\">\n<col width=\"128\"> <\/colgroup>\n<tbody>\n<tr valign=\"TOP\">\n<td width=\"29\"><span style=\"font-size: x-large;\"><b>Lp.<\/b><\/span><\/td>\n<td width=\"273\"><span style=\"font-size: x-large;\"><b>Impreza<\/b><\/span><\/td>\n<td width=\"116\"><span style=\"font-size: x-large;\"><b>Data<\/b><\/span><\/td>\n<td width=\"128\"><span style=\"font-size: x-large;\"><b>Miejsce<\/b><\/span><\/td>\n<\/tr>\n<tr valign=\"TOP\">\n<td width=\"29\"><span style=\"font-size: medium;\">1-16<\/span><\/td>\n<td width=\"273\"><span style=\"font-size: medium;\">Udzia\u0142 w rozgrywkach IV Ligi Tenisa Sto\u0142owego<\/span><\/td>\n<td width=\"116\"><span style=\"font-size: medium;\">I \u2013 IV 2017 r.<\/span><\/p>\n<p><span style=\"font-size: medium;\">IX \u2013 XII 2017 r. <\/span><\/td>\n<td width=\"128\"><span style=\"font-size: medium;\">wojew\u00f3dztwo<\/span><\/p>\n<p><span style=\"font-size: medium;\">pomorskie<\/span><\/td>\n<\/tr>\n<tr valign=\"TOP\">\n<td width=\"29\"><span style=\"font-size: medium;\">17<\/span><\/td>\n<td width=\"273\"><span style=\"font-size: medium;\">XVII Mi\u0119dzynarodowy Turniej Szachowy o Puchar Prezydenta Raciborza<\/span><\/td>\n<td width=\"116\">&nbsp;<\/td>\n<td width=\"128\"><span style=\"font-size: medium;\">Racib\u00f3rz<\/span><\/td>\n<\/tr>\n<tr valign=\"TOP\">\n<td width=\"29\"><span style=\"font-size: medium;\">18<\/span><\/td>\n<td width=\"273\"><span style=\"font-size: medium;\">XXVII Mi\u0119dzynarodowy Turniej Szachowy o Puchar G\u00f3r Opawskich<\/span><\/td>\n<td width=\"116\">&nbsp;<\/td>\n<td width=\"128\"><span style=\"font-size: medium;\">Pokrzywna<\/span><\/td>\n<\/tr>\n<tr valign=\"TOP\">\n<td width=\"29\"><span style=\"font-size: medium;\">19<\/span><\/td>\n<td width=\"273\"><span style=\"font-size: medium;\">Otwarte Mistrzostwa Powiatu Wejherowskiego w Boccia<\/span><\/td>\n<td width=\"116\"><span style=\"font-size: medium;\">8 \u2013 9 IV 2017 r. <\/span><\/p>\n<p><span style=\"font-size: medium;\">22 \u2013 23 IV 2017 r.<\/span><\/td>\n<td width=\"128\"><span style=\"font-size: medium;\">Wejherowo<\/span><\/td>\n<\/tr>\n<tr valign=\"TOP\">\n<td width=\"29\"><span style=\"font-size: medium;\">20<\/span><\/td>\n<td width=\"273\"><span style=\"font-size: medium;\">Og\u00f3lnopolski Turniej Os\u00f3b Niepe\u0142nosprawnych w Boccia<\/span><\/td>\n<td width=\"116\">&nbsp;<\/td>\n<td width=\"128\"><span style=\"font-size: medium;\">Sul\u0119czyno<\/span><\/td>\n<\/tr>\n<tr valign=\"TOP\">\n<td width=\"29\"><span style=\"font-size: medium;\">21<\/span><\/td>\n<td width=\"273\"><span style=\"font-size: medium;\">Mi\u0119dzynarodowe Zawody w Boccia<\/span><\/td>\n<td width=\"116\"><span style=\"font-size: medium;\">25 \u2013 28 V 2017 r.<\/span><\/td>\n<td width=\"128\"><span style=\"font-size: medium;\">Konopiska k\/<\/span><\/p>\n<p><span style=\"font-size: medium;\">Cz\u0119stochowy<\/span><\/td>\n<\/tr>\n<tr valign=\"TOP\">\n<td width=\"29\"><span style=\"font-size: medium;\">22<\/span><\/td>\n<td width=\"273\"><span style=\"font-size: medium;\">Zawody Sportowe Niepe\u0142nosprawnych w Tenisie Sto\u0142owym, Boccia i Szachach<\/span><\/td>\n<td width=\"116\"><span style=\"font-size: medium;\">12 \u2013 14 V 2017 r.<\/span><\/td>\n<td width=\"128\"><span style=\"font-size: medium;\">Jastrz\u0119bia G\u00f3ra<\/span><\/td>\n<\/tr>\n<tr valign=\"TOP\">\n<td width=\"29\"><span style=\"font-size: medium;\">23<\/span><\/td>\n<td width=\"273\"><span style=\"font-size: medium;\">I GRAND PRIX Polski w Tenisie Sto\u0142owym<\/span><\/td>\n<td width=\"116\"><span style=\"font-size: medium;\">21 \u2013 23 IV 2017 r.<\/span><\/td>\n<td width=\"128\"><span style=\"font-size: medium;\">Gda\u0144sk<\/span><\/td>\n<\/tr>\n<tr valign=\"TOP\">\n<td width=\"29\"><span style=\"font-size: medium;\">24<\/span><\/td>\n<td width=\"273\"><span style=\"font-size: medium;\">Og\u00f3lnopolski Turniej Tenisa Sto\u0142owego<\/span><\/td>\n<td width=\"116\"><span style=\"font-size: medium;\">8 \u2013 10 IX 2017 r.<\/span><\/td>\n<td width=\"128\"><span style=\"font-size: medium;\">Sul\u0119czyno<\/span><\/td>\n<\/tr>\n<tr valign=\"TOP\">\n<td width=\"29\"><span style=\"font-size: medium;\">25<\/span><\/td>\n<td width=\"273\"><span style=\"font-size: medium;\">IV Memoria\u0142 im. Adama Borczucha w Tenisie Sto\u0142owym<\/span><\/td>\n<td width=\"116\"><span style=\"font-size: medium;\">15 \u2013 17 IX 2017 r.<\/span><\/td>\n<td width=\"128\"><span style=\"font-size: medium;\">Radom<\/span><\/td>\n<\/tr>\n<tr valign=\"TOP\">\n<td width=\"29\"><span style=\"font-size: medium;\">26<\/span><\/td>\n<td width=\"273\"><span style=\"font-size: medium;\">Festyn Sportowo \u2013 Rekreacyjny dla os\u00f3b niepe\u0142nosprawnych<\/span><\/td>\n<td width=\"116\"><span style=\"font-size: medium;\">22 \u2013 24 IX 2017 r.<\/span><\/td>\n<td width=\"128\"><span style=\"font-size: medium;\">Jastrz\u0119bia G\u00f3ra<\/span><\/td>\n<\/tr>\n<tr valign=\"TOP\">\n<td width=\"29\"><span style=\"font-size: medium;\">27<\/span><\/td>\n<td width=\"273\"><span style=\"font-size: medium;\">II GRAND PRIX Polski w Tenisie Sto\u0142owym<\/span><\/td>\n<td width=\"116\"><span style=\"font-size: medium;\">2 &#8211; 4 VI 2017 r.<\/span><\/td>\n<td width=\"128\"><span style=\"font-size: medium;\">Gda\u0144sk<\/span><\/td>\n<\/tr>\n<tr valign=\"TOP\">\n<td width=\"29\"><span style=\"font-size: medium;\">28<\/span><\/td>\n<td width=\"273\"><span style=\"font-size: medium;\">Og\u00f3lnopolski Turniej Boccia<\/span><\/td>\n<td width=\"116\"><span style=\"font-size: medium;\">29 \u2013 30 IX 2017 r.<\/span><\/td>\n<td width=\"128\"><span style=\"font-size: medium;\">Szczecin<\/span><\/td>\n<\/tr>\n<tr valign=\"TOP\">\n<td width=\"29\"><span style=\"font-size: medium;\">29<\/span><\/td>\n<td width=\"273\"><span style=\"font-size: medium;\">III GRAND PRIX Polski w Tenisie Sto\u0142owym<\/span><\/td>\n<td width=\"116\"><span style=\"font-size: medium;\">13 \u2013 15 X 2017 r.<\/span><\/td>\n<td width=\"128\"><span style=\"font-size: medium;\">Gda\u0144sk<\/span><\/td>\n<\/tr>\n<tr valign=\"TOP\">\n<td width=\"29\"><span style=\"font-size: medium;\">30<\/span><\/td>\n<td width=\"273\"><span style=\"font-size: medium;\">Turniej \u2018\u201950 lecia\u2019\u2019 w Tenisie Sto\u0142owym o Puchar Starosty powiatu Wejherowskiego<\/span><\/td>\n<td width=\"116\"><span style=\"font-size: medium;\">Listopad 2017 r.<\/span><\/td>\n<td width=\"128\"><span style=\"font-size: medium;\">Wejherowo<\/span><\/td>\n<\/tr>\n<tr valign=\"TOP\">\n<td width=\"29\"><span style=\"font-size: medium;\">31<\/span><\/td>\n<td width=\"273\"><span style=\"font-size: medium;\">Mistrzostwa Polski w Szachach Szybkich i B\u0142yskawicznych<\/span><\/td>\n<td width=\"116\"><span style=\"font-size: medium;\">12 \u2013 15 X 2017 r.<\/span><\/td>\n<td width=\"128\"><span style=\"font-size: medium;\">Gorz\u00f3w Wlkp.<\/span><\/td>\n<\/tr>\n<tr valign=\"TOP\">\n<td width=\"29\"><span style=\"font-size: medium;\">32<\/span><\/td>\n<td width=\"273\"><span style=\"font-size: medium;\">Dru\u017cynowe Mistrzostwa Polski w Tenisie Sto\u0142owym<\/span><\/td>\n<td width=\"116\">&nbsp;<\/td>\n<td width=\"128\"><span style=\"font-size: medium;\">Gda\u0144sk<\/span><\/td>\n<\/tr>\n<tr valign=\"TOP\">\n<td width=\"29\"><span style=\"font-size: medium;\">33<\/span><\/td>\n<td width=\"273\"><span style=\"font-size: medium;\">XXV Og\u00f3lnopolskie Zawody Sportowe<\/span><\/p>\n<p><span style=\"font-size: medium;\">w Ramach Obchod\u00f3w \u015awiatowego Dnia Os\u00f3b Niepe\u0142nosprawnych <\/span><\/td>\n<td width=\"116\"><span style=\"font-size: medium;\">1 -3 XII 2017 r.<\/span><\/td>\n<td width=\"128\"><span style=\"font-size: medium;\">Grudzi\u0105dz<\/span><\/td>\n<\/tr>\n<tr valign=\"TOP\">\n<td width=\"29\"><span style=\"font-size: medium;\">34<\/span><\/td>\n<td width=\"273\"><span style=\"font-size: medium;\">Indywidualne Mistrzostwa Polski w Tenisie Sto\u0142owym &#8211; fina\u0142y<\/span><\/td>\n<td width=\"116\"><span style=\"font-size: medium;\">1 \u2013 3 XII 2017 r.<\/span><\/td>\n<td width=\"128\"><span style=\"font-size: medium;\">Gda\u0144sk<\/span><\/td>\n<\/tr>\n<\/tbody>\n<\/table>\n","protected":false},"excerpt":{"rendered":"<p>Kalendarz Imprez Sportowo \u2013 Integracyjnych na 2017 r. Lp. Impreza Data Miejsce 1-16 Udzia\u0142 w rozgrywkach IV Ligi Tenisa Sto\u0142owego I \u2013 IV 2017 r. IX \u2013 XII 2017 r. wojew\u00f3dztwo pomorskie 17 XVII Mi\u0119dzynarodowy Turniej Szachowy o Puchar Prezydenta Raciborza &nbsp; Racib\u00f3rz 18 XXVII Mi\u0119dzynarodowy Turniej Szachowy o Puchar G\u00f3r Opawskich &nbsp; Pokrzywna 19 [&hellip;]<\/p>\n","protected":false},"author":2,"featured_media":0,"comment_status":"open","ping_status":"open","sticky":false,"template":"","format":"standard","meta":{"ngg_post_thumbnail":0},"categories":[4],"tags":[],"_links":{"self":[{"href":"http:\/\/startwejherowo.pl\/index.php?rest_route=\/wp\/v2\/posts\/931"}],"collection":[{"href":"http:\/\/startwejherowo.pl\/index.php?rest_route=\/wp\/v2\/posts"}],"about":[{"href":"http:\/\/startwejherowo.pl\/index.php?rest_route=\/wp\/v2\/types\/post"}],"author":[{"embeddable":true,"href":"http:\/\/startwejherowo.pl\/index.php?rest_route=\/wp\/v2\/users\/2"}],"replies":[{"embeddable":true,"href":"http:\/\/startwejherowo.pl\/index.php?rest_route=%2Fwp%2Fv2%2Fcomments&post=931"}],"version-history":[{"count":6,"href":"http:\/\/startwejherowo.pl\/index.php?rest_route=\/wp\/v2\/posts\/931\/revisions"}],"predecessor-version":[{"id":937,"href":"http:\/\/startwejherowo.pl\/index.php?rest_route=\/wp\/v2\/posts\/931\/revisions\/937"}],"wp:attachment":[{"href":"http:\/\/startwejherowo.pl\/index.php?rest_route=%2Fwp%2Fv2%2Fmedia&parent=931"}],"wp:term":[{"taxonomy":"category","embeddable":true,"href":"http:\/\/startwejherowo.pl\/index.php?rest_route=%2Fwp%2Fv2%2Fcategories&post=931"},{"taxonomy":"post_tag","embeddable":true,"href":"http:\/\/startwejherowo.pl\/index.php?rest_route=%2Fwp%2Fv2%2Ftags&post=931"}],"curies":[{"name":"wp","href":"https:\/\/api.w.org\/{rel}","templated":true}]}}