{"id":944,"date":"2017-06-09T17:29:06","date_gmt":"2017-06-09T17:29:06","guid":{"rendered":"http:\/\/startwejherowo.pl\/?p=944"},"modified":"2017-06-09T17:47:08","modified_gmt":"2017-06-09T17:47:08","slug":"konopiska-2017","status":"publish","type":"post","link":"http:\/\/startwejherowo.pl\/?p=944","title":{"rendered":"Konopiska 2017"},"content":{"rendered":"<h2><span style=\"color: #000080;\"><b>Komunikat z udzia\u0142u w centralnej imprezie sportowej<\/b><\/span><\/h2>\n<p><span style=\"font-size: large;\"><a href=\"http:\/\/startwejherowo.pl\/wp-content\/gallery\/Konopiska%202017\/index.html\"><img loading=\"lazy\" class=\"aligncenter size-medium wp-image-948\" src=\"http:\/\/startwejherowo.pl\/wp-content\/uploads\/2017\/06\/DSC09872-300x225.jpg\" alt=\"\" width=\"300\" height=\"225\" srcset=\"http:\/\/startwejherowo.pl\/wp-content\/uploads\/2017\/06\/DSC09872-300x225.jpg 300w, http:\/\/startwejherowo.pl\/wp-content\/uploads\/2017\/06\/DSC09872-768x576.jpg 768w, http:\/\/startwejherowo.pl\/wp-content\/uploads\/2017\/06\/DSC09872-1024x768.jpg 1024w, http:\/\/startwejherowo.pl\/wp-content\/uploads\/2017\/06\/DSC09872.jpg 1200w\" sizes=\"(max-width: 300px) 100vw, 300px\" \/><\/a>W Konopiskach k\/Cz\u0119stochowy w dn. 28-29.05.2017 r. odby\u0142 si\u0119&nbsp;<\/span><span style=\"font-size: large;\">I Turniej eliminacyjny do Mistrzostw Polski Os\u00f3b Niepe\u0142nosprawnych w Bocci,&nbsp;<\/span><span style=\"font-size: large;\">w kt\u00f3rym udzia\u0142 wzi\u0119\u0142a reprezentacja Integracyjnego Stowarzyszenia Sportowego \u201eSTART\u201d Wejherowo.<\/span><\/p>\n<p><span style=\"font-size: large;\">W zawodach wzi\u0119\u0142o udzia\u0142 15 zespo\u0142\u00f3w z ca\u0142ej Polski i 1 zesp\u00f3\u0142 z Ukrainy. <\/span><\/p>\n<p><span style=\"font-size: large;\">W grach eliminacyjnych \u201eSTART\u201d Wejherowo pokona\u0142 kolejno zespo\u0142y z Konopisk, S\u0142awna, Recina, Cz\u0119stochowy i Zamo\u015bcia.<\/span><\/p>\n<p><span style=\"font-size: large;\">W finale \u201eSTART\u201d Wejherowo uleg\u0142 \u201eSTARTOWI\u201d Szczecin 4:6 a wi\u0119c w ko\u0144cowej kwalifikacji<\/span><\/p>\n<p style=\"padding-left: 30px;\"><span style=\"font-size: large;\"><strong>I m zaj\u0105\u0142 zesp\u00f3\u0142 \u201eSTART\u201d Szczecin<\/strong><\/span><\/p>\n<p style=\"padding-left: 30px;\"><span style=\"font-size: large;\"><strong>II m zaj\u0105\u0142 zesp\u00f3\u0142 \u201eSTART\u201d Wejherowo<\/strong><\/span><\/p>\n<p style=\"padding-left: 30px;\"><span style=\"font-size: large;\"><strong>III m zaj\u0105\u0142 zesp\u00f3\u0142 \u201eKLON\u201d Zamo\u015b\u0107<\/strong><\/span><\/p>\n<p><span style=\"font-size: large;\">Dru\u017cyna ISS \u201eSTART\u201d Wejherowo wyst\u0105pi\u0142a w sk\u0142adzie:<\/span><\/p>\n<p><span style=\"font-size: large;\">Franciszek Ku\u017ami\u0144ski, Stanis\u0142aw Gieryk i Andrzej Puchowski<\/span><\/p>\n<p><span style=\"font-size: large;\">a trenerem ekipy by\u0142a Pani Maria Wolska-Gieryk.<\/span><\/p>\n","protected":false},"excerpt":{"rendered":"<p>Komunikat z udzia\u0142u w centralnej imprezie sportowej W Konopiskach k\/Cz\u0119stochowy w dn. 28-29.05.2017 r. odby\u0142 si\u0119&nbsp;I Turniej eliminacyjny do Mistrzostw Polski Os\u00f3b Niepe\u0142nosprawnych w Bocci,&nbsp;w kt\u00f3rym udzia\u0142 wzi\u0119\u0142a reprezentacja Integracyjnego Stowarzyszenia Sportowego \u201eSTART\u201d Wejherowo. W zawodach wzi\u0119\u0142o udzia\u0142 15 zespo\u0142\u00f3w z ca\u0142ej Polski i 1 zesp\u00f3\u0142 z Ukrainy. W grach eliminacyjnych \u201eSTART\u201d Wejherowo pokona\u0142 kolejno [&hellip;]<\/p>\n","protected":false},"author":2,"featured_media":0,"comment_status":"open","ping_status":"open","sticky":false,"template":"","format":"standard","meta":{"ngg_post_thumbnail":0},"categories":[5],"tags":[],"_links":{"self":[{"href":"http:\/\/startwejherowo.pl\/index.php?rest_route=\/wp\/v2\/posts\/944"}],"collection":[{"href":"http:\/\/startwejherowo.pl\/index.php?rest_route=\/wp\/v2\/posts"}],"about":[{"href":"http:\/\/startwejherowo.pl\/index.php?rest_route=\/wp\/v2\/types\/post"}],"author":[{"embeddable":true,"href":"http:\/\/startwejherowo.pl\/index.php?rest_route=\/wp\/v2\/users\/2"}],"replies":[{"embeddable":true,"href":"http:\/\/startwejherowo.pl\/index.php?rest_route=%2Fwp%2Fv2%2Fcomments&post=944"}],"version-history":[{"count":2,"href":"http:\/\/startwejherowo.pl\/index.php?rest_route=\/wp\/v2\/posts\/944\/revisions"}],"predecessor-version":[{"id":949,"href":"http:\/\/startwejherowo.pl\/index.php?rest_route=\/wp\/v2\/posts\/944\/revisions\/949"}],"wp:attachment":[{"href":"http:\/\/startwejherowo.pl\/index.php?rest_route=%2Fwp%2Fv2%2Fmedia&parent=944"}],"wp:term":[{"taxonomy":"category","embeddable":true,"href":"http:\/\/startwejherowo.pl\/index.php?rest_route=%2Fwp%2Fv2%2Fcategories&post=944"},{"taxonomy":"post_tag","embeddable":true,"href":"http:\/\/startwejherowo.pl\/index.php?rest_route=%2Fwp%2Fv2%2Ftags&post=944"}],"curies":[{"name":"wp","href":"https:\/\/api.w.org\/{rel}","templated":true}]}}