{"id":960,"date":"2017-10-19T16:59:15","date_gmt":"2017-10-19T16:59:15","guid":{"rendered":"http:\/\/startwejherowo.pl\/?p=960"},"modified":"2017-10-19T16:59:15","modified_gmt":"2017-10-19T16:59:15","slug":"ogolnopolskie-zawody-boccia-w-szczecinie","status":"publish","type":"post","link":"http:\/\/startwejherowo.pl\/?p=960","title":{"rendered":"Og\u00f3lnopolskie zawody boccia w Szczecinie"},"content":{"rendered":"<p><a href=\"http:\/\/startwejherowo.pl\/wp-content\/gallery\/Boccia%20w%20Szczecinie\/index.html\"><img loading=\"lazy\" class=\"aligncenter size-medium wp-image-961\" src=\"http:\/\/startwejherowo.pl\/wp-content\/uploads\/2017\/10\/DSCN2726-300x169.jpg\" alt=\"\" width=\"300\" height=\"169\" srcset=\"http:\/\/startwejherowo.pl\/wp-content\/uploads\/2017\/10\/DSCN2726-300x169.jpg 300w, http:\/\/startwejherowo.pl\/wp-content\/uploads\/2017\/10\/DSCN2726-768x432.jpg 768w, http:\/\/startwejherowo.pl\/wp-content\/uploads\/2017\/10\/DSCN2726-1024x576.jpg 1024w, http:\/\/startwejherowo.pl\/wp-content\/uploads\/2017\/10\/DSCN2726.jpg 1920w\" sizes=\"(max-width: 300px) 100vw, 300px\" \/><\/a><\/p>\n<p style=\"text-align: center;\"><span style=\"font-size: large;\"><b>Komunikat z udzia\u0142u w imprezie sportowej<\/b><\/span><\/p>\n<p><span style=\"font-size: medium;\">W dniach 29-30. 09. 2017 r. w Szczecinie odby\u0142y si\u0119 Og\u00f3lnopolskie Zawody Bocci.<\/span><\/p>\n<p><span style=\"font-size: medium;\">Organizatorem zawod\u00f3w by\u0142 Klub Sportowy Inwalid\u00f3w \u201eSTART\u201d Szczecin.<\/span><\/p>\n<p><span style=\"font-size: medium;\">W zawodach udzia\u0142 wzi\u0119\u0142o 5 dru\u017cyn ze Szczecina, 3 dru\u017cyny z Zielonej G\u00f3ry, dru\u017cyna Fundacji<\/span><\/p>\n<p><span style=\"font-size: medium;\">Alternatywy- S\u0142awy, dru\u017cyna z Poznania, G\u0142ogowa oraz Wejherowa.<\/span><\/p>\n<p><span style=\"font-size: medium;\">Nasze Stowarzyszenie \u201eSTART\u201d Wejherowo reprezentowali: Gabriela Andrzejewska \u2013 kapitan, Anna Konik oraz Helena Szpunar. <\/span><\/p>\n<p><span style=\"font-size: medium;\">Trenerem naszej dru\u017cyny by\u0142 Waldemar Konik.<\/span><\/p>\n<p><span style=\"font-size: medium;\">Dru\u017cyna \u201eSTART\u201d Wejherowo zaj\u0119\u0142a IV miejsce.<\/span><\/p>\n<p><span style=\"font-size: medium;\">Ko\u0144cowe wyniki zawod\u00f3w.<\/span><\/p>\n<ul>\n<li><span style=\"font-size: medium;\">I m &#8211; SSR \u201eSTART\u201d- Pozna\u0144 <\/span><\/li>\n<li><span style=\"font-size: medium;\">II m &#8211; Fundacja Alternatywy \u2013 S\u0142awy <\/span><\/li>\n<li><span style=\"font-size: medium;\">III m &#8211; KSI \u201eSTART\u201d- Szczecin 1 <\/span><a name=\"_GoBack\"><\/a><\/li>\n<li><span style=\"font-size: medium;\"><span lang=\"en-US\">IV m &#8211; ISS \u201eSTART\u201d \u2013 Wejherowo <\/span><\/span><\/li>\n<li><span style=\"font-size: medium;\"><span lang=\"en-US\">V m &#8211; IKSON \u2013 G\u0142og\u00f3w <\/span><\/span><\/li>\n<li><span style=\"font-size: medium;\">VI m &#8211; IKS ZIELONI \u2013 Zielona G\u00f3ra <\/span><\/li>\n<li><span style=\"font-size: medium;\">VII m &#8211; KSI \u201eSTART\u201d &#8211; Szczecin 2 <\/span><\/li>\n<li><span style=\"font-size: medium;\">VIII m &#8211; KSI \u201eSTART\u201d \u2013Szczecin 4 <\/span><\/li>\n<li><span style=\"font-size: medium;\">VIII m &#8211; KSI \u201eSTART\u201d \u2013 Szczecin 3 <\/span><\/li>\n<li><span style=\"font-size: medium;\">VIII m &#8211; ZSR \u201eSTART\u201d \u2013 Zielona G\u00f3ra <\/span><\/li>\n<li><span style=\"font-size: medium;\">XI m &#8211; KLUB UCZELNIANY AZS \u2013 Zielona G\u00f3ra<\/span><\/li>\n<li><span style=\"font-size: medium;\">XII m &#8211; KSI \u201eSTART\u201d \u2013 Szczecin 5<\/span><\/li>\n<\/ul>\n","protected":false},"excerpt":{"rendered":"<p>Komunikat z udzia\u0142u w imprezie sportowej W dniach 29-30. 09. 2017 r. w Szczecinie odby\u0142y si\u0119 Og\u00f3lnopolskie Zawody Bocci. Organizatorem zawod\u00f3w by\u0142 Klub Sportowy Inwalid\u00f3w \u201eSTART\u201d Szczecin. W zawodach udzia\u0142 wzi\u0119\u0142o 5 dru\u017cyn ze Szczecina, 3 dru\u017cyny z Zielonej G\u00f3ry, dru\u017cyna Fundacji Alternatywy- S\u0142awy, dru\u017cyna z Poznania, G\u0142ogowa oraz Wejherowa. Nasze Stowarzyszenie \u201eSTART\u201d Wejherowo reprezentowali: [&hellip;]<\/p>\n","protected":false},"author":2,"featured_media":0,"comment_status":"open","ping_status":"open","sticky":false,"template":"","format":"standard","meta":{"ngg_post_thumbnail":0},"categories":[5],"tags":[],"_links":{"self":[{"href":"http:\/\/startwejherowo.pl\/index.php?rest_route=\/wp\/v2\/posts\/960"}],"collection":[{"href":"http:\/\/startwejherowo.pl\/index.php?rest_route=\/wp\/v2\/posts"}],"about":[{"href":"http:\/\/startwejherowo.pl\/index.php?rest_route=\/wp\/v2\/types\/post"}],"author":[{"embeddable":true,"href":"http:\/\/startwejherowo.pl\/index.php?rest_route=\/wp\/v2\/users\/2"}],"replies":[{"embeddable":true,"href":"http:\/\/startwejherowo.pl\/index.php?rest_route=%2Fwp%2Fv2%2Fcomments&post=960"}],"version-history":[{"count":1,"href":"http:\/\/startwejherowo.pl\/index.php?rest_route=\/wp\/v2\/posts\/960\/revisions"}],"predecessor-version":[{"id":962,"href":"http:\/\/startwejherowo.pl\/index.php?rest_route=\/wp\/v2\/posts\/960\/revisions\/962"}],"wp:attachment":[{"href":"http:\/\/startwejherowo.pl\/index.php?rest_route=%2Fwp%2Fv2%2Fmedia&parent=960"}],"wp:term":[{"taxonomy":"category","embeddable":true,"href":"http:\/\/startwejherowo.pl\/index.php?rest_route=%2Fwp%2Fv2%2Fcategories&post=960"},{"taxonomy":"post_tag","embeddable":true,"href":"http:\/\/startwejherowo.pl\/index.php?rest_route=%2Fwp%2Fv2%2Ftags&post=960"}],"curies":[{"name":"wp","href":"https:\/\/api.w.org\/{rel}","templated":true}]}}