{"id":963,"date":"2017-10-28T17:53:55","date_gmt":"2017-10-28T17:53:55","guid":{"rendered":"http:\/\/startwejherowo.pl\/?p=963"},"modified":"2017-10-28T17:53:55","modified_gmt":"2017-10-28T17:53:55","slug":"szachy-miedzynarodowy-sukces","status":"publish","type":"post","link":"http:\/\/startwejherowo.pl\/?p=963","title":{"rendered":"Szachy &#8211; mi\u0119dzynarodowy sukces!"},"content":{"rendered":"<p><a href=\"http:\/\/startwejherowo.pl\/wp-content\/uploads\/2017\/10\/001.jpg\"><img loading=\"lazy\" class=\"aligncenter size-medium wp-image-964\" src=\"http:\/\/startwejherowo.pl\/wp-content\/uploads\/2017\/10\/001-204x300.jpg\" alt=\"\" width=\"204\" height=\"300\" srcset=\"http:\/\/startwejherowo.pl\/wp-content\/uploads\/2017\/10\/001-204x300.jpg 204w, http:\/\/startwejherowo.pl\/wp-content\/uploads\/2017\/10\/001-768x1127.jpg 768w, http:\/\/startwejherowo.pl\/wp-content\/uploads\/2017\/10\/001-698x1024.jpg 698w, http:\/\/startwejherowo.pl\/wp-content\/uploads\/2017\/10\/001.jpg 1710w\" sizes=\"(max-width: 204px) 100vw, 204px\" \/><\/a><\/p>\n<p style=\"text-align: center;\"><span style=\"font-size: large;\"><b>Komunikat z udzia\u0142u w zawodach mi\u0119dzynarodowych<\/b><\/span><\/p>\n<p><span style=\"font-size: medium;\">Wejherowscy zawodnicy Wicemistrzami \u015awiata Os\u00f3b Niepe\u0142nosprawnych w szachach.<\/span><\/p>\n<p><span style=\"font-size: medium;\">W dniach 5-13 pa\u017adziernika 2017 r. w Dre\u017anie ( Niemcy) odby\u0142y si\u0119 III Mistrzostwa \u015awiata&nbsp;<\/span><span style=\"font-size: medium;\">Os\u00f3b Niepe\u0142nosprawnych w Szachach.<\/span><\/p>\n<p><span style=\"font-size: medium;\">W mistrzostwach wystartowa\u0142o 71 szachist\u00f3w z 12 kraj\u00f3w ( reprezentuj\u0105cych 3 kontynenty)&nbsp;<\/span><span style=\"font-size: medium;\">t.j. Rosja, Niemcy, Bu\u0142garia, Kazachstan, W\u0119gry, Anglia, Mongolia, Indie, Austria, Izrael, Bia\u0142oru\u015b i Polska.<\/span><\/p>\n<p><span style=\"font-size: medium;\">W Dre\u017anie odby\u0142 si\u0119 turniej indywidualny, kt\u00f3rego wyniki zosta\u0142y uwzgl\u0119dniane w klasyfikacji dru\u017cynowej.<\/span><\/p>\n<p><span style=\"font-size: medium;\">Reprezentacja Polski w ramach Federacji IPCA ( schorzenie aparatu ruchu) wyst\u0105pi\u0142a w sk\u0142adzie:<\/span><\/p>\n<ul>\n<li style=\"text-align: left;\"><span style=\"font-size: medium;\">&#8211; Zygmunt Wielecki<\/span><\/li>\n<li style=\"text-align: left;\"><span style=\"font-size: medium;\">&#8211; Krzysztof Jurkiewicz<\/span><\/li>\n<li style=\"text-align: left;\"><span style=\"font-size: medium;\">&#8211; Marek Uzia\u0142ko<\/span><\/li>\n<li style=\"text-align: left;\"><span style=\"font-size: medium;\">( wszyscy ISS \u201eSTART\u201d Wejherowo)<\/span><\/li>\n<li style=\"text-align: left;\"><span style=\"font-size: medium;\">oraz Andrzej Kozicz \u2013 \u201eSTART\u201d Gorz\u00f3w Wlk.<\/span><\/li>\n<\/ul>\n<p><span style=\"font-size: medium;\"><b>Wyniki ko\u0144cowe tej Federacji \u2013 klasyfikacja dru\u017cynowa;<\/b><\/span><\/p>\n<ul>\n<li><span style=\"font-size: medium;\">I m. Rosja &#8211; 17,5 pkt.<\/span><\/li>\n<li><span style=\"font-size: medium;\">II m. Polska &#8211; 16 pkt.<\/span><\/li>\n<li><span style=\"font-size: medium;\">&#8211; Zygmunt Wielecki &#8211; 5 pkt.<\/span><\/li>\n<li><span style=\"font-size: medium;\">&#8211; Krzysztof Jurkiewicz &#8211; 4 pkt.<\/span><\/li>\n<li><span style=\"font-size: medium;\">&#8211; Marek Uzia\u0142ko &#8211; 3,5 pkt.<\/span><\/li>\n<li><span style=\"font-size: medium;\">&#8211; Andrzej Kozicz &#8211; 3,5 pkt.<\/span><\/li>\n<li><span style=\"font-size: medium;\">III m. Niemcy &#8211; 13,5 pkt.<\/span><\/li>\n<\/ul>\n<p><span style=\"font-size: medium;\"><b>W klasyfikacji indywidualnej ;<\/b><\/span><\/p>\n<ul>\n<li><span style=\"font-size: medium;\">&#8211; z\u0142oty medal zdoby\u0142 Raphael Zimmer ( Niemcy) &#8211; 5,5 pkt.<\/span><\/li>\n<li><span style=\"font-size: medium;\">&#8211; srebrny medal zdoby\u0142 Andrei Obodchuk (Rosja) &#8211; 5 pkt.<\/span><\/li>\n<li><span style=\"font-size: medium;\">&#8211; br\u0105zowy medal zdoby\u0142 Zygmunt Wielecki (Polska)- 5 pkt.<\/span><\/li>\n<li><span style=\"font-size: medium;\">a wi\u0119c polscy szachi\u015bci odnie\u015bli historyczny sukces.<\/span><\/li>\n<\/ul>\n<p><span style=\"font-size: medium;\">Trenerem wejherowskich zawodnik\u00f3w jest kol. Zygmunt Wielecki.<\/span><\/p>\n<p><span style=\"font-size: medium;\">Polskich szachist\u00f3w niepe\u0142nosprawnych wspierali i finansowali: <\/span><\/p>\n<p><span style=\"font-size: medium;\">Ministerstwo Sportu i Turystyki oraz Polski Zwi\u0105zek Szachowy w Warszawie.<\/span><\/p>\n","protected":false},"excerpt":{"rendered":"<p>Komunikat z udzia\u0142u w zawodach mi\u0119dzynarodowych Wejherowscy zawodnicy Wicemistrzami \u015awiata Os\u00f3b Niepe\u0142nosprawnych w szachach. W dniach 5-13 pa\u017adziernika 2017 r. w Dre\u017anie ( Niemcy) odby\u0142y si\u0119 III Mistrzostwa \u015awiata&nbsp;Os\u00f3b Niepe\u0142nosprawnych w Szachach. W mistrzostwach wystartowa\u0142o 71 szachist\u00f3w z 12 kraj\u00f3w ( reprezentuj\u0105cych 3 kontynenty)&nbsp;t.j. Rosja, Niemcy, Bu\u0142garia, Kazachstan, W\u0119gry, Anglia, Mongolia, Indie, Austria, Izrael, Bia\u0142oru\u015b [&hellip;]<\/p>\n","protected":false},"author":2,"featured_media":0,"comment_status":"open","ping_status":"open","sticky":false,"template":"","format":"standard","meta":{"ngg_post_thumbnail":0},"categories":[6],"tags":[],"_links":{"self":[{"href":"http:\/\/startwejherowo.pl\/index.php?rest_route=\/wp\/v2\/posts\/963"}],"collection":[{"href":"http:\/\/startwejherowo.pl\/index.php?rest_route=\/wp\/v2\/posts"}],"about":[{"href":"http:\/\/startwejherowo.pl\/index.php?rest_route=\/wp\/v2\/types\/post"}],"author":[{"embeddable":true,"href":"http:\/\/startwejherowo.pl\/index.php?rest_route=\/wp\/v2\/users\/2"}],"replies":[{"embeddable":true,"href":"http:\/\/startwejherowo.pl\/index.php?rest_route=%2Fwp%2Fv2%2Fcomments&post=963"}],"version-history":[{"count":1,"href":"http:\/\/startwejherowo.pl\/index.php?rest_route=\/wp\/v2\/posts\/963\/revisions"}],"predecessor-version":[{"id":965,"href":"http:\/\/startwejherowo.pl\/index.php?rest_route=\/wp\/v2\/posts\/963\/revisions\/965"}],"wp:attachment":[{"href":"http:\/\/startwejherowo.pl\/index.php?rest_route=%2Fwp%2Fv2%2Fmedia&parent=963"}],"wp:term":[{"taxonomy":"category","embeddable":true,"href":"http:\/\/startwejherowo.pl\/index.php?rest_route=%2Fwp%2Fv2%2Fcategories&post=963"},{"taxonomy":"post_tag","embeddable":true,"href":"http:\/\/startwejherowo.pl\/index.php?rest_route=%2Fwp%2Fv2%2Ftags&post=963"}],"curies":[{"name":"wp","href":"https:\/\/api.w.org\/{rel}","templated":true}]}}