{"id":973,"date":"2017-12-09T17:11:45","date_gmt":"2017-12-09T17:11:45","guid":{"rendered":"http:\/\/startwejherowo.pl\/?p=973"},"modified":"2017-12-09T17:11:45","modified_gmt":"2017-12-09T17:11:45","slug":"turniej-50-lecia-w-tenisie-stolowym-o-puchar-starosty-powiatu-wejherowskiego","status":"publish","type":"post","link":"http:\/\/startwejherowo.pl\/?p=973","title":{"rendered":"Turniej  50-Lecia w tenisie sto\u0142owym o Puchar Starosty powiatu Wejherowskiego"},"content":{"rendered":"<p><a href=\"http:\/\/startwejherowo.pl\/wp-content\/gallery\/Turniej%20tenisa%202017-11\/index.html\"><img loading=\"lazy\" class=\"aligncenter size-medium wp-image-974\" src=\"http:\/\/startwejherowo.pl\/wp-content\/uploads\/2017\/12\/DSC00543-300x225.jpg\" alt=\"\" width=\"300\" height=\"225\" srcset=\"http:\/\/startwejherowo.pl\/wp-content\/uploads\/2017\/12\/DSC00543-300x225.jpg 300w, http:\/\/startwejherowo.pl\/wp-content\/uploads\/2017\/12\/DSC00543-768x576.jpg 768w, http:\/\/startwejherowo.pl\/wp-content\/uploads\/2017\/12\/DSC00543.jpg 800w\" sizes=\"(max-width: 300px) 100vw, 300px\" \/><\/a><\/p>\n<p>Zawody odby\u0142y si\u0119 19 listopada 2017 r. w kt\u00f3rych uczestniczy\u0142 Pan Andrzej Byczkowski Dyrektor<\/p>\n<p>Powiatowego Zespo\u0142u Plac\u00f3wek O\u015bwiatowych w Wejherowie.<\/p>\n<p>Turniej rozegrano w hali sportowej Zespo\u0142u Szk\u00f3\u0142 nr 2 w Wejherowie ul. Gda\u0144ska 30 w kategoriach startowych: m\u0119\u017cczy\u017ani niepe\u0142nosprawni, kobiety oraz m\u0119\u017cczy\u017cni zdrowi \/OPEN\u2019\u2019 Prelekcj\u0119 na temat 50 lat dzia\u0142alno\u015bci sekcji tenisa sto\u0142owego wyg\u0142osi\u0142 Prezes ISS \u2018\u2019 Start\u2019\u2019 Wejherowo Krzysztof Ruchalski oraz wspomnieniami podzieli\u0142 si\u0119 Pan Dyrektor Andrzej Byczkowski<\/p>\n<p>W turniejach startowa\u0142o \u0142\u0105cznie 41 zawodniczek i zawodnik\u00f3w z Gda\u0144ska, Gdyni, Rumii ,Redy L\u0119borka, Robakowa i Wejherowa<\/p>\n<p>Wyniki turniej\u00f3w:<\/p>\n<p><b>1) Indywidualnie -Kobiety<\/b><\/p>\n<p style=\"padding-left: 30px;\">I m \u2013 Wies\u0142awa Potrykus -L\u0119bork<\/p>\n<p style=\"padding-left: 30px;\">II m \u2013 Barbara Rompa &#8211; Gda\u0144sk<\/p>\n<p style=\"padding-left: 30px;\">III m \u2013Gabriela Andrzejewska &#8211; Rumia<\/p>\n<p><b>2) \u2018\u2019Open\u2019\u2019 M\u0119\u017cczy\u017cni<\/b><\/p>\n<p style=\"padding-left: 30px;\">I m &#8211; Jaros\u0142aw Mraz &#8211; L\u0119bork<\/p>\n<p style=\"padding-left: 30px;\">II m \u2013 Mateusz Lange &#8211; Wejherowo<\/p>\n<p style=\"padding-left: 30px;\">III m \u2013 Karol Pallach -Robakowo<\/p>\n<p><b>3) Indywidualnie- m\u0119\u017cczy\u017cni \/niepe\u0142nosprawni\/ <\/b><\/p>\n<p style=\"padding-left: 30px;\">I m &#8211; Marcin Kowalczyk -Gda\u0144sk<\/p>\n<p style=\"padding-left: 30px;\">II m \u2013 Adam Andrzejewski- Rumia<\/p>\n<p style=\"padding-left: 30px;\">III m \u2013 Zbigniew Skwarczy\u0144ski- Wejherowo<\/p>\n<p><b>S\u0119dzi\u0105 G\u0142\u00f3wnym by\u0142 s\u0119dzia klasy krajowej Pan Dagmar Rzoska a jego zast\u0119pc\u0105 by\u0142 Andrzej Bia\u0142as,<\/b><\/p>\n<p><b>kt\u00f3rzy bardzo sprawnie przeprowadzili te zawody.<\/b><\/p>\n<p>Zwyci\u0119zcy poszczeg\u00f3lnych kategorii otrzymali puchary, medale oraz dyplomy ufundowane przez Pani\u0105 Gabriele Lisius &#8211; Starost\u0119 powiatu Wejherowskiego.<\/p>\n<p>Organizatorem zawod\u00f3w by\u0142o Integracyjne Stowarzyszenie Sportowe \u2018\u2019 START \u2018\u2019 Wejherowo.<\/p>\n<p>Organizatorem zawod\u00f3w by\u0142o Integracyjne Stowarzyszenie Sportowe \u2018\u2019START \u2018\u2019 Wejherowo.<\/p>\n","protected":false},"excerpt":{"rendered":"<p>Zawody odby\u0142y si\u0119 19 listopada 2017 r. w kt\u00f3rych uczestniczy\u0142 Pan Andrzej Byczkowski Dyrektor Powiatowego Zespo\u0142u Plac\u00f3wek O\u015bwiatowych w Wejherowie. Turniej rozegrano w hali sportowej Zespo\u0142u Szk\u00f3\u0142 nr 2 w Wejherowie ul. Gda\u0144ska 30 w kategoriach startowych: m\u0119\u017cczy\u017ani niepe\u0142nosprawni, kobiety oraz m\u0119\u017cczy\u017cni zdrowi \/OPEN\u2019\u2019 Prelekcj\u0119 na temat 50 lat dzia\u0142alno\u015bci sekcji tenisa sto\u0142owego wyg\u0142osi\u0142 Prezes [&hellip;]<\/p>\n","protected":false},"author":2,"featured_media":0,"comment_status":"open","ping_status":"open","sticky":false,"template":"","format":"standard","meta":{"ngg_post_thumbnail":0},"categories":[7],"tags":[],"_links":{"self":[{"href":"http:\/\/startwejherowo.pl\/index.php?rest_route=\/wp\/v2\/posts\/973"}],"collection":[{"href":"http:\/\/startwejherowo.pl\/index.php?rest_route=\/wp\/v2\/posts"}],"about":[{"href":"http:\/\/startwejherowo.pl\/index.php?rest_route=\/wp\/v2\/types\/post"}],"author":[{"embeddable":true,"href":"http:\/\/startwejherowo.pl\/index.php?rest_route=\/wp\/v2\/users\/2"}],"replies":[{"embeddable":true,"href":"http:\/\/startwejherowo.pl\/index.php?rest_route=%2Fwp%2Fv2%2Fcomments&post=973"}],"version-history":[{"count":1,"href":"http:\/\/startwejherowo.pl\/index.php?rest_route=\/wp\/v2\/posts\/973\/revisions"}],"predecessor-version":[{"id":975,"href":"http:\/\/startwejherowo.pl\/index.php?rest_route=\/wp\/v2\/posts\/973\/revisions\/975"}],"wp:attachment":[{"href":"http:\/\/startwejherowo.pl\/index.php?rest_route=%2Fwp%2Fv2%2Fmedia&parent=973"}],"wp:term":[{"taxonomy":"category","embeddable":true,"href":"http:\/\/startwejherowo.pl\/index.php?rest_route=%2Fwp%2Fv2%2Fcategories&post=973"},{"taxonomy":"post_tag","embeddable":true,"href":"http:\/\/startwejherowo.pl\/index.php?rest_route=%2Fwp%2Fv2%2Ftags&post=973"}],"curies":[{"name":"wp","href":"https:\/\/api.w.org\/{rel}","templated":true}]}}