{"id":977,"date":"2017-12-12T19:47:51","date_gmt":"2017-12-12T19:47:51","guid":{"rendered":"http:\/\/startwejherowo.pl\/?p=977"},"modified":"2017-12-12T19:47:51","modified_gmt":"2017-12-12T19:47:51","slug":"grudziadz-ogolnopolskie-zawody-sportowe","status":"publish","type":"post","link":"http:\/\/startwejherowo.pl\/?p=977","title":{"rendered":"Grudzi\u0105dz &#8211; Og\u00f3lnopolskie Zawody Sportowe"},"content":{"rendered":"<p><span style=\"font-size: x-large;\"><b>Komunikat<\/b><\/span><\/p>\n<p><span style=\"font-size: large;\">W dniu 2 grudnia 2017 roku w Grudzi\u0105dzu w ramach obchod\u00f3w \u201e\u015awiatowego dnia po\u015bwi\u0119conego osobom niepe\u0142nosprawnym odby\u0142y si\u0119 <\/span><span style=\"font-size: large;\"><b>XXV Og\u00f3lnopolskie<\/b><\/span> <span style=\"font-size: large;\"><b>Zawody Sportowe w tenisie sto\u0142owym, podnoszeniu ci\u0119\u017car\u00f3w, strzelectwie<\/b><\/span> <span style=\"font-size: large;\"><b>sportowym i bocci<\/b><\/span><span style=\"font-size: large;\">. W zawodach uczestniczy\u0142y reprezentacje z Gdyni, Gda\u0144ska, Gi\u017cycka, Olsztyna, Grudzi\u0105dza, Bia\u0142ystoku, Bydgoszczy i Wejherowa. Reprezentacja Integracyjnego Stowarzyszenia Sportowego \u201eStart\u201d w Wejherowie rywalizowa\u0142a w bocci : Franciszek Ku\u017ami\u0144ski i Stanis\u0142aw Gieryk i w tenisie sto\u0142owym Andrzej Puchowski. W bocci rozgrywki odbywa\u0142y si\u0119 w grupach. Z ka\u017cdej grupy do dalszych rozgrywek wychodzi\u0142 jeden zawodnik. Nasi reprezentanci zwyci\u0119\u017cyli w swoich grupach. Franciszek Ku\u017ami\u0144ski w 5 meczach zdoby\u0142 36 punkt\u00f3w a straci\u0142 15,\/wyniki meczy 8:0; 2:7; 12:3;9:2;5:3\/ w sumie uzyska\u0142 21 pkt. Stanis\u0142aw Gieryk w 4 meczach uzyska\u0142 39 punkt\u00f3w a straci\u0142 4 punkty,\/wyniki meczy 1:3; 7:0; 20:0; 11:1\/ w sumie uzyska\u0142 35 pkt. <\/span><\/p>\n<p><span style=\"font-size: large;\">Ostateczne w dalszych rozgrywkach fina\u0142owych zajeli: <\/span><span style=\"font-size: large;\"><b>I miejsce zdoby\u0142 Franciszek Ku\u017ami\u0144ski i III miejsce Stanis\u0142aw Gieryk. <\/b><\/span><span style=\"font-size: large;\">W tenisie sto\u0142owym nasz zawodnik <\/span><span style=\"font-size: large;\"><b>Andrzej Puchowski zaj\u0105\u0142 II miejsce. <\/b><\/span><\/p>\n<p><span style=\"font-size: large;\">Impreza organizowana jest rokrocznie i cieszy si\u0119 ogromnym zainteresowaniem.<\/span><\/p>\n","protected":false},"excerpt":{"rendered":"<p>Komunikat W dniu 2 grudnia 2017 roku w Grudzi\u0105dzu w ramach obchod\u00f3w \u201e\u015awiatowego dnia po\u015bwi\u0119conego osobom niepe\u0142nosprawnym odby\u0142y si\u0119 XXV Og\u00f3lnopolskie Zawody Sportowe w tenisie sto\u0142owym, podnoszeniu ci\u0119\u017car\u00f3w, strzelectwie sportowym i bocci. W zawodach uczestniczy\u0142y reprezentacje z Gdyni, Gda\u0144ska, Gi\u017cycka, Olsztyna, Grudzi\u0105dza, Bia\u0142ystoku, Bydgoszczy i Wejherowa. Reprezentacja Integracyjnego Stowarzyszenia Sportowego \u201eStart\u201d w Wejherowie rywalizowa\u0142a w [&hellip;]<\/p>\n","protected":false},"author":2,"featured_media":0,"comment_status":"open","ping_status":"open","sticky":false,"template":"","format":"standard","meta":{"ngg_post_thumbnail":0},"categories":[7],"tags":[],"_links":{"self":[{"href":"http:\/\/startwejherowo.pl\/index.php?rest_route=\/wp\/v2\/posts\/977"}],"collection":[{"href":"http:\/\/startwejherowo.pl\/index.php?rest_route=\/wp\/v2\/posts"}],"about":[{"href":"http:\/\/startwejherowo.pl\/index.php?rest_route=\/wp\/v2\/types\/post"}],"author":[{"embeddable":true,"href":"http:\/\/startwejherowo.pl\/index.php?rest_route=\/wp\/v2\/users\/2"}],"replies":[{"embeddable":true,"href":"http:\/\/startwejherowo.pl\/index.php?rest_route=%2Fwp%2Fv2%2Fcomments&post=977"}],"version-history":[{"count":1,"href":"http:\/\/startwejherowo.pl\/index.php?rest_route=\/wp\/v2\/posts\/977\/revisions"}],"predecessor-version":[{"id":978,"href":"http:\/\/startwejherowo.pl\/index.php?rest_route=\/wp\/v2\/posts\/977\/revisions\/978"}],"wp:attachment":[{"href":"http:\/\/startwejherowo.pl\/index.php?rest_route=%2Fwp%2Fv2%2Fmedia&parent=977"}],"wp:term":[{"taxonomy":"category","embeddable":true,"href":"http:\/\/startwejherowo.pl\/index.php?rest_route=%2Fwp%2Fv2%2Fcategories&post=977"},{"taxonomy":"post_tag","embeddable":true,"href":"http:\/\/startwejherowo.pl\/index.php?rest_route=%2Fwp%2Fv2%2Ftags&post=977"}],"curies":[{"name":"wp","href":"https:\/\/api.w.org\/{rel}","templated":true}]}}